{"id":67688,"date":"2025-05-28T13:09:41","date_gmt":"2025-05-28T19:09:41","guid":{"rendered":"https:\/\/encuentroinformativo.com.mx\/?p=67688"},"modified":"2025-05-28T13:09:41","modified_gmt":"2025-05-28T19:09:41","slug":"solo-belem-y-raul-firmaron-carta-compromiso-con-la-ninez-veracruzana","status":"publish","type":"post","link":"https:\/\/encuentroinformativo.com.mx\/?p=67688","title":{"rendered":"Solo Belem y Ra\u00fal firmaron carta compromiso con la ni\u00f1ez veracruzana"},"content":{"rendered":"<p><strong>Alejandro \u00c1vila<\/strong><\/p>\n<p>Veracruz, Ver.- A pesar que desde el mes de abril el Colectivo &#8220;Inter\u00e9s Superior de la Ni\u00f1ez&#8221; busc\u00f3 a los l\u00edderes de los seis partidos pol\u00edticos en la entidad veracruzana para que los acercaran con sus respectivos candidatos y, estos firmaran una carta compromiso en pro de los infantes; en la zona conurbada Veracruz &#8211; Boca del R\u00edo, \u00fanicamente lo hicieron Belem Palmeros Exsome y Ra\u00fal Zarrabal Ferat de Movimiento Ciudadano.<\/p>\n<p>Jes\u00fas Alberto P\u00e9rez Garc\u00eda, presidente en Veracruz del Colectivo &#8220;Inter\u00e9s Superior de la Ni\u00f1ez&#8221;, detall\u00f3 que en total existen dos millones cuatrocientas mil ni\u00f1as, ni\u00f1os y adolescentes en Veracruz, mismos que sufren d\u00eda a d\u00eda la desatenci\u00f3n de los entes gubernamentales, pues la entidad se encuentra en los primeros lugares de trabajo, abuso sexual, maltrato infantil y embarazo juvenil.<\/p>\n<p>&#8220;Nuestro estado muy desafortunadamente est\u00e1 en foco rojos hacia la poca garant\u00eda de los derechos de las infancias en el estado. Veracruz est\u00e1n los primeros tres lugares en materia de trabajo infantil, en los primeros cinco lugares a nivel nacional en materia de abuso sexual, y en los primeros nuevamente cinco lugares en materia de maltrato infantil, y para el caso de Veracruz puerto y Boca del R\u00edo, son dos de los municipios de los 13 que se priorizan a nivel estatal con altos \u00edndices de embarazo adolescente. Qu\u00e9 nos dicen estos datos que refleja el INEGI, el INSALUD y otros tantos datos oficiales del gobierno actual, que la garant\u00eda hacia los derechos de la ni\u00f1ez no se ve como prioritario&#8221;, refut\u00f3 Jes\u00fas Alberto P\u00e9rez.<\/p>\n<p>En ese sentido, el presidente del Colectivo &#8220;Inter\u00e9s Superior de la Ni\u00f1ez&#8221; reclam\u00f3 que, dentro de la agenda p\u00fablica los derechos de la ni\u00f1ez no son tomados en cuenta y esto se debe a que los ni\u00f1os no votan.<\/p>\n<p>Por su parte, Belem Palmeros lament\u00f3 que las pol\u00edticas p\u00fablicas en Veracruz no abonen a erradicar el embarazo juvenil, mismo que se palpa en las colonias que ha recorrido durante varios a\u00f1os; Ra\u00fal Zarrabal asegur\u00f3 que generar\u00e1 las condiciones adecuadas para el desarrollo f\u00edsico y mental de los infantes.<\/p>\n","protected":false},"excerpt":{"rendered":"<p>Alejandro \u00c1vila Veracruz, Ver.- A pesar que desde el mes de abril el Colectivo &#8220;Inter\u00e9s Superior de la Ni\u00f1ez&#8221; busc\u00f3 a los l\u00edderes de los seis partidos pol\u00edticos en la entidad veracruzana para que los acercaran con sus respectivos candidatos y, estos firmaran una carta compromiso en pro de los infantes; en la zona conurbada [&hellip;]<\/p>\n","protected":false},"author":2476,"featured_media":67689,"comment_status":"open","ping_status":"open","sticky":false,"template":"","format":"standard","meta":{"_jetpack_memberships_contains_paid_content":false,"footnotes":""},"categories":[2],"tags":[],"class_list":["post-67688","post","type-post","status-publish","format-standard","has-post-thumbnail","hentry","category-estado"],"jetpack_featured_media_url":"https:\/\/encuentroinformativo.com.mx\/wp-content\/uploads\/2025\/05\/IMG-20250528-WA0140-scaled.jpg","jetpack_sharing_enabled":true,"jetpack_likes_enabled":true,"amp_enabled":true,"_links":{"self":[{"href":"https:\/\/encuentroinformativo.com.mx\/index.php?rest_route=\/wp\/v2\/posts\/67688","targetHints":{"allow":["GET"]}}],"collection":[{"href":"https:\/\/encuentroinformativo.com.mx\/index.php?rest_route=\/wp\/v2\/posts"}],"about":[{"href":"https:\/\/encuentroinformativo.com.mx\/index.php?rest_route=\/wp\/v2\/types\/post"}],"author":[{"embeddable":true,"href":"https:\/\/encuentroinformativo.com.mx\/index.php?rest_route=\/wp\/v2\/users\/2476"}],"replies":[{"embeddable":true,"href":"https:\/\/encuentroinformativo.com.mx\/index.php?rest_route=%2Fwp%2Fv2%2Fcomments&post=67688"}],"version-history":[{"count":1,"href":"https:\/\/encuentroinformativo.com.mx\/index.php?rest_route=\/wp\/v2\/posts\/67688\/revisions"}],"predecessor-version":[{"id":67690,"href":"https:\/\/encuentroinformativo.com.mx\/index.php?rest_route=\/wp\/v2\/posts\/67688\/revisions\/67690"}],"wp:featuredmedia":[{"embeddable":true,"href":"https:\/\/encuentroinformativo.com.mx\/index.php?rest_route=\/wp\/v2\/media\/67689"}],"wp:attachment":[{"href":"https:\/\/encuentroinformativo.com.mx\/index.php?rest_route=%2Fwp%2Fv2%2Fmedia&parent=67688"}],"wp:term":[{"taxonomy":"category","embeddable":true,"href":"https:\/\/encuentroinformativo.com.mx\/index.php?rest_route=%2Fwp%2Fv2%2Fcategories&post=67688"},{"taxonomy":"post_tag","embeddable":true,"href":"https:\/\/encuentroinformativo.com.mx\/index.php?rest_route=%2Fwp%2Fv2%2Ftags&post=67688"}],"curies":[{"name":"wp","href":"https:\/\/api.w.org\/{rel}","templated":true}]}}