{"id":67694,"date":"2025-05-28T14:13:28","date_gmt":"2025-05-28T20:13:28","guid":{"rendered":"https:\/\/encuentroinformativo.com.mx\/?p=67694"},"modified":"2025-05-28T14:13:28","modified_gmt":"2025-05-28T20:13:28","slug":"agreden-a-reporteros-por-cubrir-nota-de-accidente-en-la-tecnica-3","status":"publish","type":"post","link":"https:\/\/encuentroinformativo.com.mx\/?p=67694","title":{"rendered":"Agreden a reporteros por cubrir nota de accidente en la T\u00e9cnica 3"},"content":{"rendered":"<p><strong>Dar\u00edo Pale<\/strong><\/p>\n<p>Xalapa, Ver.- Despu\u00e9s de que se diera a conocer de que un menor de edad de la escuela secundaria T\u00e9cnica 3 habr\u00eda ca\u00eddo de un tercer piso, personas arremetieron contra reporteros que cubr\u00edan la nota.<\/p>\n<p>Padres de familia vivieron momentos de tensi\u00f3n, cuando la ma\u00f1ana de este mi\u00e9rcoles, trascendi\u00f3 que un alumno de la escuela secundaria T\u00e9cnica 3 habr\u00eda ca\u00eddo de un tercer piso.<\/p>\n<p>Personal de la instituci\u00f3n, ubicada en la avenida \u00c1vila Camacho, al notar a la prensa se pusieron agresivos e invitaron a algunos padres de familia a impedir que se documentara el hecho con el pretexto de que se trataba de menores.<\/p>\n<p>Al momento no hay informaci\u00f3n oficial sobre si habr\u00eda ocurrido un accidente por parte de las autoridades de la Secretar\u00eda de Educaci\u00f3n de Veracruz.<\/p>\n<p>Cabe recordar que en el 2014, en esa misma secundaria, un \u00e1rbol cay\u00f3 y aplast\u00f3 a dos estudiantes, quit\u00e1ndole la vida a Alondra C\u00f3rdoba Vargas, de 14 a\u00f1os de edad.<\/p>\n<p>El otro menor lesionado de nombre Alexis Fern\u00e1ndez Soto solo present\u00f3 fracturas.<\/p>\n","protected":false},"excerpt":{"rendered":"<p>Dar\u00edo Pale Xalapa, Ver.- Despu\u00e9s de que se diera a conocer de que un menor de edad de la escuela secundaria T\u00e9cnica 3 habr\u00eda ca\u00eddo de un tercer piso, personas arremetieron contra reporteros que cubr\u00edan la nota. Padres de familia vivieron momentos de tensi\u00f3n, cuando la ma\u00f1ana de este mi\u00e9rcoles, trascendi\u00f3 que un alumno de [&hellip;]<\/p>\n","protected":false},"author":2476,"featured_media":67695,"comment_status":"open","ping_status":"open","sticky":false,"template":"","format":"standard","meta":{"_jetpack_memberships_contains_paid_content":false,"footnotes":""},"categories":[3],"tags":[],"class_list":["post-67694","post","type-post","status-publish","format-standard","has-post-thumbnail","hentry","category-xalapa"],"jetpack_featured_media_url":"https:\/\/encuentroinformativo.com.mx\/wp-content\/uploads\/2025\/05\/IMG-20250528-WA0273.jpg","jetpack_sharing_enabled":true,"jetpack_likes_enabled":true,"amp_enabled":true,"_links":{"self":[{"href":"https:\/\/encuentroinformativo.com.mx\/index.php?rest_route=\/wp\/v2\/posts\/67694","targetHints":{"allow":["GET"]}}],"collection":[{"href":"https:\/\/encuentroinformativo.com.mx\/index.php?rest_route=\/wp\/v2\/posts"}],"about":[{"href":"https:\/\/encuentroinformativo.com.mx\/index.php?rest_route=\/wp\/v2\/types\/post"}],"author":[{"embeddable":true,"href":"https:\/\/encuentroinformativo.com.mx\/index.php?rest_route=\/wp\/v2\/users\/2476"}],"replies":[{"embeddable":true,"href":"https:\/\/encuentroinformativo.com.mx\/index.php?rest_route=%2Fwp%2Fv2%2Fcomments&post=67694"}],"version-history":[{"count":1,"href":"https:\/\/encuentroinformativo.com.mx\/index.php?rest_route=\/wp\/v2\/posts\/67694\/revisions"}],"predecessor-version":[{"id":67696,"href":"https:\/\/encuentroinformativo.com.mx\/index.php?rest_route=\/wp\/v2\/posts\/67694\/revisions\/67696"}],"wp:featuredmedia":[{"embeddable":true,"href":"https:\/\/encuentroinformativo.com.mx\/index.php?rest_route=\/wp\/v2\/media\/67695"}],"wp:attachment":[{"href":"https:\/\/encuentroinformativo.com.mx\/index.php?rest_route=%2Fwp%2Fv2%2Fmedia&parent=67694"}],"wp:term":[{"taxonomy":"category","embeddable":true,"href":"https:\/\/encuentroinformativo.com.mx\/index.php?rest_route=%2Fwp%2Fv2%2Fcategories&post=67694"},{"taxonomy":"post_tag","embeddable":true,"href":"https:\/\/encuentroinformativo.com.mx\/index.php?rest_route=%2Fwp%2Fv2%2Ftags&post=67694"}],"curies":[{"name":"wp","href":"https:\/\/api.w.org\/{rel}","templated":true}]}}