{"id":6770,"date":"2020-10-10T16:00:45","date_gmt":"2020-10-10T21:00:45","guid":{"rendered":"https:\/\/encuentroinformativo.com.mx\/?p=6770"},"modified":"2020-10-10T16:00:48","modified_gmt":"2020-10-10T21:00:48","slug":"los-perros-de-praderas-inauguran-en-medellin-de-bravo-gimnasio-de-box-gratuito","status":"publish","type":"post","link":"https:\/\/encuentroinformativo.com.mx\/?p=6770","title":{"rendered":"\u201cLos Perros de Praderas\u201d inauguran en Medell\u00edn de Bravo gimnasio de box gratuito"},"content":{"rendered":"\n<p><strong>Alejandro \u00c1vila<\/strong><\/p>\n\n\n\n<p>Medell\u00edn de Bravo, Ver.- La noche de este viernes fue inaugurado por integrantes de la jaur\u00eda de \u201cLos Perros de Praderas\u201d, un gimnasio de box gratuito que construy\u00f3 el Ayuntamiento de Medell\u00edn de Bravo a la entrada del fraccionamiento Puente Moreno.<\/p>\n\n\n\n<p>El alcalde Hipolito Deschamps Espino Barros, dijo que considera no se le ha dado la importancia que merece el boxeo, mismo que ha entregado decenas de campeones mundiales en esa disciplina y que adem\u00e1s, ha dejado grandes dividendos en medallas ol\u00edmpicas.<\/p>\n\n\n\n<p>Si bien reconoci\u00f3 que tanto el futbol, b\u00e9isbol y basquetbol, son m\u00e1s populares, ahora y con la creaci\u00f3n del Comit\u00e9 Municipal de Boxeo en Medell\u00edn de Bravo, priorizaron darle mayor impulso en la ciudad.<\/p>\n\n\n\n<p>\u201cFue una forma de darles un homenaje a ellos, aparte de que Medell\u00edn ya cuenta con un Comit\u00e9 Municipal de Boxeo, y nos han pedido en varias ocasiones que los tomemos en cuenta, y creo que es un buen inicio, la verdad es que es un centro de boxeo muy completo\u201d, apunt\u00f3.<\/p>\n\n\n\n<p>El edil panista, dijo que esta es la primera etapa, pues est\u00e1n considerando ampliar el lugar y poder agregar un gimnasio que complemente las clases de las diferentes disciplinas deportivas que se van a dar ah\u00ed.<\/p>\n\n\n\n<p>\u201cEs gratuito la mayor parte de las disciplina, obviamente hay unas cuotas de recuperaci\u00f3n para clases especializadas, pero cualquier medellinense que quiera ir puede entrenarse para box, puede entrenarse para otras artes marciales mixtas, les van a ense\u00f1ar ejercicios de todos tipos\u201d, resalt\u00f3.<\/p>\n","protected":false},"excerpt":{"rendered":"<p>Alejandro \u00c1vila Medell\u00edn de Bravo, Ver.- La noche de este viernes fue inaugurado por integrantes de la jaur\u00eda de \u201cLos Perros de Praderas\u201d, un gimnasio de box gratuito que construy\u00f3 el Ayuntamiento de Medell\u00edn de Bravo a la entrada del fraccionamiento Puente Moreno. El alcalde Hipolito Deschamps Espino Barros, dijo que considera no se le [&hellip;]<\/p>\n","protected":false},"author":1,"featured_media":6771,"comment_status":"open","ping_status":"open","sticky":false,"template":"","format":"standard","meta":{"_jetpack_memberships_contains_paid_content":false,"footnotes":""},"categories":[2],"tags":[],"class_list":["post-6770","post","type-post","status-publish","format-standard","has-post-thumbnail","hentry","category-estado"],"jetpack_featured_media_url":"https:\/\/encuentroinformativo.com.mx\/wp-content\/uploads\/2020\/10\/DA62AA11-1336-4C38-9CCE-A78346A5FD4E.jpeg","jetpack_sharing_enabled":true,"jetpack_likes_enabled":true,"amp_enabled":true,"_links":{"self":[{"href":"https:\/\/encuentroinformativo.com.mx\/index.php?rest_route=\/wp\/v2\/posts\/6770","targetHints":{"allow":["GET"]}}],"collection":[{"href":"https:\/\/encuentroinformativo.com.mx\/index.php?rest_route=\/wp\/v2\/posts"}],"about":[{"href":"https:\/\/encuentroinformativo.com.mx\/index.php?rest_route=\/wp\/v2\/types\/post"}],"author":[{"embeddable":true,"href":"https:\/\/encuentroinformativo.com.mx\/index.php?rest_route=\/wp\/v2\/users\/1"}],"replies":[{"embeddable":true,"href":"https:\/\/encuentroinformativo.com.mx\/index.php?rest_route=%2Fwp%2Fv2%2Fcomments&post=6770"}],"version-history":[{"count":1,"href":"https:\/\/encuentroinformativo.com.mx\/index.php?rest_route=\/wp\/v2\/posts\/6770\/revisions"}],"predecessor-version":[{"id":6772,"href":"https:\/\/encuentroinformativo.com.mx\/index.php?rest_route=\/wp\/v2\/posts\/6770\/revisions\/6772"}],"wp:featuredmedia":[{"embeddable":true,"href":"https:\/\/encuentroinformativo.com.mx\/index.php?rest_route=\/wp\/v2\/media\/6771"}],"wp:attachment":[{"href":"https:\/\/encuentroinformativo.com.mx\/index.php?rest_route=%2Fwp%2Fv2%2Fmedia&parent=6770"}],"wp:term":[{"taxonomy":"category","embeddable":true,"href":"https:\/\/encuentroinformativo.com.mx\/index.php?rest_route=%2Fwp%2Fv2%2Fcategories&post=6770"},{"taxonomy":"post_tag","embeddable":true,"href":"https:\/\/encuentroinformativo.com.mx\/index.php?rest_route=%2Fwp%2Fv2%2Ftags&post=6770"}],"curies":[{"name":"wp","href":"https:\/\/api.w.org\/{rel}","templated":true}]}}