{"id":67703,"date":"2025-05-28T18:09:08","date_gmt":"2025-05-29T00:09:08","guid":{"rendered":"https:\/\/encuentroinformativo.com.mx\/?p=67703"},"modified":"2025-05-28T18:09:08","modified_gmt":"2025-05-29T00:09:08","slug":"rescata-pc-de-alvarado-a-conductor-prensado-tras-volcadura","status":"publish","type":"post","link":"https:\/\/encuentroinformativo.com.mx\/?p=67703","title":{"rendered":"Rescata PC de Alvarado a conductor prensado tras volcadura\u00a0"},"content":{"rendered":"<p><strong>Alejandro \u00c1vila<\/strong><\/p>\n<p>Alvarado, Ver.- La tarde de este mi\u00e9rcoles elementos de Protecci\u00f3n Civil y Bomberos de Alvarado rescataron a un conductor que volc\u00f3 su unidad de carga sobre la carretera federal 180 a la altura del Tecomate, a unos metros de la caseta de cobro.<\/p>\n<p>Por razones que hasta el momento se desconocen, el operador de la unidad con caja cerrada perdi\u00f3 el control del volante y se sali\u00f3 del camino hasta que finalmente se fue a estrellar de frente contra un \u00e1rbol.<\/p>\n<p>Habitantes de la zona que se percataron del incidente de inmediato se acercaron para ayudar a los ocupantes, siendo el copiloto quien logr\u00f3 salir con algunos golpes, pero el conductor qued\u00f3 prensado en el interior de la cabina.<\/p>\n<p>T\u00e9cnicos en Urgencias M\u00e9dicas de Protecci\u00f3n Civil Municipal y el Her\u00f3ico Cuerpo de Bomberos Voluntarios de Alvarado fueron quienes se desplazaron hasta el mencionado tramo carretero tras recibir el llamado del 911.<\/p>\n<p>Cabe mencionar que en el sitio ya se encuentran elementos de la Guardia Nacional Divisi\u00f3n Caminos auxiliaron en las labores y realizando el abanderamiento del accidente, adem\u00e1s de que no se reportan cortes importantes a la circulaci\u00f3n.<\/p>\n<p><img loading=\"lazy\" decoding=\"async\" class=\"aligncenter size-medium wp-image-67705\" src=\"https:\/\/encuentroinformativo.com.mx\/wp-content\/uploads\/2025\/05\/IMG-20250528-WA03012-300x190.jpg\" alt=\"\" width=\"300\" height=\"190\" srcset=\"https:\/\/encuentroinformativo.com.mx\/wp-content\/uploads\/2025\/05\/IMG-20250528-WA03012-300x190.jpg 300w, https:\/\/encuentroinformativo.com.mx\/wp-content\/uploads\/2025\/05\/IMG-20250528-WA03012.jpg 720w\" sizes=\"auto, (max-width: 300px) 100vw, 300px\" \/><\/p>\n","protected":false},"excerpt":{"rendered":"<p>Alejandro \u00c1vila Alvarado, Ver.- La tarde de este mi\u00e9rcoles elementos de Protecci\u00f3n Civil y Bomberos de Alvarado rescataron a un conductor que volc\u00f3 su unidad de carga sobre la carretera federal 180 a la altura del Tecomate, a unos metros de la caseta de cobro. Por razones que hasta el momento se desconocen, el operador [&hellip;]<\/p>\n","protected":false},"author":2476,"featured_media":67704,"comment_status":"open","ping_status":"open","sticky":false,"template":"","format":"standard","meta":{"_jetpack_memberships_contains_paid_content":false,"footnotes":""},"categories":[2],"tags":[],"class_list":["post-67703","post","type-post","status-publish","format-standard","has-post-thumbnail","hentry","category-estado"],"jetpack_featured_media_url":"https:\/\/encuentroinformativo.com.mx\/wp-content\/uploads\/2025\/05\/IMG-20250528-WA0299.jpg","jetpack_sharing_enabled":true,"jetpack_likes_enabled":true,"amp_enabled":true,"_links":{"self":[{"href":"https:\/\/encuentroinformativo.com.mx\/index.php?rest_route=\/wp\/v2\/posts\/67703","targetHints":{"allow":["GET"]}}],"collection":[{"href":"https:\/\/encuentroinformativo.com.mx\/index.php?rest_route=\/wp\/v2\/posts"}],"about":[{"href":"https:\/\/encuentroinformativo.com.mx\/index.php?rest_route=\/wp\/v2\/types\/post"}],"author":[{"embeddable":true,"href":"https:\/\/encuentroinformativo.com.mx\/index.php?rest_route=\/wp\/v2\/users\/2476"}],"replies":[{"embeddable":true,"href":"https:\/\/encuentroinformativo.com.mx\/index.php?rest_route=%2Fwp%2Fv2%2Fcomments&post=67703"}],"version-history":[{"count":1,"href":"https:\/\/encuentroinformativo.com.mx\/index.php?rest_route=\/wp\/v2\/posts\/67703\/revisions"}],"predecessor-version":[{"id":67706,"href":"https:\/\/encuentroinformativo.com.mx\/index.php?rest_route=\/wp\/v2\/posts\/67703\/revisions\/67706"}],"wp:featuredmedia":[{"embeddable":true,"href":"https:\/\/encuentroinformativo.com.mx\/index.php?rest_route=\/wp\/v2\/media\/67704"}],"wp:attachment":[{"href":"https:\/\/encuentroinformativo.com.mx\/index.php?rest_route=%2Fwp%2Fv2%2Fmedia&parent=67703"}],"wp:term":[{"taxonomy":"category","embeddable":true,"href":"https:\/\/encuentroinformativo.com.mx\/index.php?rest_route=%2Fwp%2Fv2%2Fcategories&post=67703"},{"taxonomy":"post_tag","embeddable":true,"href":"https:\/\/encuentroinformativo.com.mx\/index.php?rest_route=%2Fwp%2Fv2%2Ftags&post=67703"}],"curies":[{"name":"wp","href":"https:\/\/api.w.org\/{rel}","templated":true}]}}