{"id":67707,"date":"2025-05-28T14:12:37","date_gmt":"2025-05-28T20:12:37","guid":{"rendered":"https:\/\/encuentroinformativo.com.mx\/?p=67707"},"modified":"2025-05-28T18:15:38","modified_gmt":"2025-05-29T00:15:38","slug":"venimos-por-el-ultimo-reducto-de-la-derecha-en-veracruz-luisa-alcalde","status":"publish","type":"post","link":"https:\/\/encuentroinformativo.com.mx\/?p=67707","title":{"rendered":"&#8220;Venimos por el \u00faltimo reducto de la derecha en Veracruz&#8221;: Luisa Alcalde\u00a0"},"content":{"rendered":"<p><strong>Alejandro \u00c1vila<\/strong><\/p>\n<p>Veracruz, Ver.- La presidenta nacional de Morena, Luisa Mar\u00eda Alcalde Luj\u00e1n asegur\u00f3 que, este pr\u00f3ximo domingo 1 de junio se acabar\u00e1 en su totalidad la derecha que a\u00fan prevalece en la entidad, pues acabar\u00e1n con el \u00faltimo reducto que administran los panistas al despojarlos de los municipios de Veracruz y Boca del R\u00edo.<\/p>\n<p>&#8220;Hoy tenemos la confianza de que el proyecto de Morena ha logrado en este estado la mayor reducci\u00f3n de pobreza que se registre no solo en la historia sino comparado con todas las otras entidades federativas. Gracias a la transformaci\u00f3n 9 de cada 10 familias en Veracruz reciben alg\u00fan apoyo, hoy ya reconocidos en la Constituci\u00f3n, as\u00ed que en toda esta zona que ya podemos decir es el \u00faltimo reducto de la derecha, pues va a acabarse a partir de este pr\u00f3ximo domingo para que llegue la transformaci\u00f3n&#8221;, sentenci\u00f3.<\/p>\n<p>En ese sentido, Alcalde Luj\u00e1n mencion\u00f3 que la ciudadan\u00eda no olvida los gobiernos de saqueo y corrupci\u00f3n que caracterizan al PRI y al PAN.<\/p>\n<p>&#8220;Aqu\u00ed la gente en Veracruz tiene claro lo que ya no quiere, de lo que est\u00e1 cansada y de lo que est\u00e1 harta, por eso vemos tan buenos resultados aqu\u00ed en la zona conurbada, pero tambi\u00e9n en los 212 municipios veracruzanos, los 212 se van a pintar de guinda y va a llegar la transformaci\u00f3n&#8221;, remat\u00f3.<\/p>\n","protected":false},"excerpt":{"rendered":"<p>Alejandro \u00c1vila Veracruz, Ver.- La presidenta nacional de Morena, Luisa Mar\u00eda Alcalde Luj\u00e1n asegur\u00f3 que, este pr\u00f3ximo domingo 1 de junio se acabar\u00e1 en su totalidad la derecha que a\u00fan prevalece en la entidad, pues acabar\u00e1n con el \u00faltimo reducto que administran los panistas al despojarlos de los municipios de Veracruz y Boca del R\u00edo. [&hellip;]<\/p>\n","protected":false},"author":2476,"featured_media":67708,"comment_status":"open","ping_status":"open","sticky":false,"template":"","format":"standard","meta":{"_jetpack_memberships_contains_paid_content":false,"footnotes":""},"categories":[2],"tags":[],"class_list":["post-67707","post","type-post","status-publish","format-standard","has-post-thumbnail","hentry","category-estado"],"jetpack_featured_media_url":"https:\/\/encuentroinformativo.com.mx\/wp-content\/uploads\/2025\/05\/IMG-20250528-WA02622-scaled.jpg","jetpack_sharing_enabled":true,"jetpack_likes_enabled":true,"amp_enabled":true,"_links":{"self":[{"href":"https:\/\/encuentroinformativo.com.mx\/index.php?rest_route=\/wp\/v2\/posts\/67707","targetHints":{"allow":["GET"]}}],"collection":[{"href":"https:\/\/encuentroinformativo.com.mx\/index.php?rest_route=\/wp\/v2\/posts"}],"about":[{"href":"https:\/\/encuentroinformativo.com.mx\/index.php?rest_route=\/wp\/v2\/types\/post"}],"author":[{"embeddable":true,"href":"https:\/\/encuentroinformativo.com.mx\/index.php?rest_route=\/wp\/v2\/users\/2476"}],"replies":[{"embeddable":true,"href":"https:\/\/encuentroinformativo.com.mx\/index.php?rest_route=%2Fwp%2Fv2%2Fcomments&post=67707"}],"version-history":[{"count":1,"href":"https:\/\/encuentroinformativo.com.mx\/index.php?rest_route=\/wp\/v2\/posts\/67707\/revisions"}],"predecessor-version":[{"id":67709,"href":"https:\/\/encuentroinformativo.com.mx\/index.php?rest_route=\/wp\/v2\/posts\/67707\/revisions\/67709"}],"wp:featuredmedia":[{"embeddable":true,"href":"https:\/\/encuentroinformativo.com.mx\/index.php?rest_route=\/wp\/v2\/media\/67708"}],"wp:attachment":[{"href":"https:\/\/encuentroinformativo.com.mx\/index.php?rest_route=%2Fwp%2Fv2%2Fmedia&parent=67707"}],"wp:term":[{"taxonomy":"category","embeddable":true,"href":"https:\/\/encuentroinformativo.com.mx\/index.php?rest_route=%2Fwp%2Fv2%2Fcategories&post=67707"},{"taxonomy":"post_tag","embeddable":true,"href":"https:\/\/encuentroinformativo.com.mx\/index.php?rest_route=%2Fwp%2Fv2%2Ftags&post=67707"}],"curies":[{"name":"wp","href":"https:\/\/api.w.org\/{rel}","templated":true}]}}