{"id":67726,"date":"2025-05-28T22:08:31","date_gmt":"2025-05-29T04:08:31","guid":{"rendered":"https:\/\/encuentroinformativo.com.mx\/?p=67726"},"modified":"2025-05-28T22:08:31","modified_gmt":"2025-05-29T04:08:31","slug":"post-eleccion-ciudadanos-deben-vigilar-a-juzgadores-victor-rosas","status":"publish","type":"post","link":"https:\/\/encuentroinformativo.com.mx\/?p=67726","title":{"rendered":"Post elecci\u00f3n, ciudadanos deben vigilar a Juzgadores: V\u00edctor Rosas"},"content":{"rendered":"<p><strong>Alejandro \u00c1vila<\/strong><\/p>\n<p>Veracruz, Ver.- V\u00edctor Manuel Rosas Leal, aspirante a magistrado de la Sala Regional Xalapa del Tribunal Electoral del Poder Judicial de la Federaci\u00f3n, advirti\u00f3 que la elecci\u00f3n de juzgadores no debe verse como un punto final, sino como el inicio de una nueva etapa en la que la ciudadan\u00eda vigile el desempe\u00f1o de quienes resulten electos.<\/p>\n<p>\u201cLa ciudadan\u00eda tiene que seguir detr\u00e1s de sus juzgadores, detr\u00e1s de sus magistraturas, vigilando que cumplan con la funci\u00f3n para la que fueron electos\u201d, expres\u00f3 durante su mensaje de cierre de campa\u00f1a, transmitido en redes sociales. Identificado en la boleta salm\u00f3n con el n\u00famero 16, Rosas Leal insisti\u00f3 en que el poder de elegir debe estar acompa\u00f1ado del derecho a exigir.<\/p>\n<p>\u201cSi nosotros votamos por un juzgador en espec\u00edfico, nosotros le exijamos a esa persona que cumpla con lo que nos prometi\u00f3. Que no es que nos prometa c\u00f3mo va a resolver, sino qu\u00e9 criterios va a aplicar al resolver, qu\u00e9 perspectiva est\u00e1 utilizando\u201d, se\u00f1al\u00f3.<\/p>\n<p>En su discurso, sostuvo que su compromiso es con una justicia cr\u00edtica, humanista y atenta a los desequilibrios de poder entre el Estado y los ciudadanos. \u201cMi compromiso es justamente hacer una justicia humanista que no implique que le voy a tener que dar la raz\u00f3n a todas las personas, sino decirles a qui\u00e9n s\u00ed le asiste la raz\u00f3n y a qui\u00e9n no, valorando justamente los desequilibrios que puede haber dentro del proceso\u201d, declar\u00f3.<\/p>\n<p>Critic\u00f3 el desarrollo del proceso electoral judicial, al considerar que hubo obst\u00e1culos para la deliberaci\u00f3n p\u00fablica. \u201cNo organiz\u00f3 un solo foro de debate, cuando realmente desde mi punto de vista el foro de debate era la herramienta fundamental para que nosotros los ciudadanos pudi\u00e9ramos contrastar las posiciones\u201d, dijo.<\/p>\n<p><strong>ACORDEONES<\/strong><\/p>\n<p>Rosas Leal tambi\u00e9n llam\u00f3 a no dejarse llevar por el des\u00e1nimo ni por la desinformaci\u00f3n. \u201cPodr\u00e1 haber todas las listas del mundo, pero la decisi\u00f3n es suya, la decisi\u00f3n es ciudadana\u201d, afirm\u00f3. A\u00f1adi\u00f3 que el hecho de que los jueces y magistrados sean ahora electos mediante voto popular es un avance en la democratizaci\u00f3n del poder judicial.<\/p>\n<p>\u201cNo va a ser ya de un senador o del Senado, no va a ser una propuesta del Presidente de la Rep\u00fablica, no va a ser porque traiga un apoyo pol\u00edtico que se gan\u00f3 en un cabildeo en el poder legislativo\u201d.<\/p>\n<p>Recalc\u00f3 que su visi\u00f3n del derecho se aleja del formalismo. \u201cYa basta de inoperancias, ya basta de desechamientos por requisitos que pueden ser subsanables. Ya basta de formalismos que justifican sacar muchas sentencias, pero que no hacen justicia\u201d, reclam\u00f3.<\/p>\n<p>Asegur\u00f3 que no acept\u00f3 propuestas ni favores durante su campa\u00f1a. \u201cSe me acercaron tambi\u00e9n gente para ofrecerme cosas&#8230; lo rechac\u00e9 porque no es mi convicci\u00f3n, no es la forma\u201d, dijo.<\/p>\n<p>El candidato invit\u00f3 a acudir a las urnas este 1 de junio. \u201cTenemos un compromiso el domingo en las urnas. Chequen d\u00f3nde van a votar, practiquen su voto, ubiquen su casilla y voten. Salgan temprano para evitarse cualquier problema. Motiven a otras personas a participar\u201d, pidi\u00f3.<\/p>\n<p>Antes de concluir, insisti\u00f3: \u201cRosas es mi apellido, pero no es mi color. Mi color es la boleta salm\u00f3n y mi n\u00famero 16. Mi compromiso, evidentemente, es con ustedes, con las personas\u201d.<\/p>\n","protected":false},"excerpt":{"rendered":"<p>Alejandro \u00c1vila Veracruz, Ver.- V\u00edctor Manuel Rosas Leal, aspirante a magistrado de la Sala Regional Xalapa del Tribunal Electoral del Poder Judicial de la Federaci\u00f3n, advirti\u00f3 que la elecci\u00f3n de juzgadores no debe verse como un punto final, sino como el inicio de una nueva etapa en la que la ciudadan\u00eda vigile el desempe\u00f1o de [&hellip;]<\/p>\n","protected":false},"author":2476,"featured_media":67727,"comment_status":"open","ping_status":"open","sticky":false,"template":"","format":"standard","meta":{"_jetpack_memberships_contains_paid_content":false,"footnotes":""},"categories":[2],"tags":[],"class_list":["post-67726","post","type-post","status-publish","format-standard","has-post-thumbnail","hentry","category-estado"],"jetpack_featured_media_url":"https:\/\/encuentroinformativo.com.mx\/wp-content\/uploads\/2025\/05\/IMG-20250528-WA0433.jpg","jetpack_sharing_enabled":true,"jetpack_likes_enabled":true,"amp_enabled":true,"_links":{"self":[{"href":"https:\/\/encuentroinformativo.com.mx\/index.php?rest_route=\/wp\/v2\/posts\/67726","targetHints":{"allow":["GET"]}}],"collection":[{"href":"https:\/\/encuentroinformativo.com.mx\/index.php?rest_route=\/wp\/v2\/posts"}],"about":[{"href":"https:\/\/encuentroinformativo.com.mx\/index.php?rest_route=\/wp\/v2\/types\/post"}],"author":[{"embeddable":true,"href":"https:\/\/encuentroinformativo.com.mx\/index.php?rest_route=\/wp\/v2\/users\/2476"}],"replies":[{"embeddable":true,"href":"https:\/\/encuentroinformativo.com.mx\/index.php?rest_route=%2Fwp%2Fv2%2Fcomments&post=67726"}],"version-history":[{"count":2,"href":"https:\/\/encuentroinformativo.com.mx\/index.php?rest_route=\/wp\/v2\/posts\/67726\/revisions"}],"predecessor-version":[{"id":67729,"href":"https:\/\/encuentroinformativo.com.mx\/index.php?rest_route=\/wp\/v2\/posts\/67726\/revisions\/67729"}],"wp:featuredmedia":[{"embeddable":true,"href":"https:\/\/encuentroinformativo.com.mx\/index.php?rest_route=\/wp\/v2\/media\/67727"}],"wp:attachment":[{"href":"https:\/\/encuentroinformativo.com.mx\/index.php?rest_route=%2Fwp%2Fv2%2Fmedia&parent=67726"}],"wp:term":[{"taxonomy":"category","embeddable":true,"href":"https:\/\/encuentroinformativo.com.mx\/index.php?rest_route=%2Fwp%2Fv2%2Fcategories&post=67726"},{"taxonomy":"post_tag","embeddable":true,"href":"https:\/\/encuentroinformativo.com.mx\/index.php?rest_route=%2Fwp%2Fv2%2Ftags&post=67726"}],"curies":[{"name":"wp","href":"https:\/\/api.w.org\/{rel}","templated":true}]}}