{"id":67733,"date":"2025-05-28T23:45:54","date_gmt":"2025-05-29T05:45:54","guid":{"rendered":"https:\/\/encuentroinformativo.com.mx\/?p=67733"},"modified":"2025-05-28T23:45:54","modified_gmt":"2025-05-29T05:45:54","slug":"con-triunfo-contundente-haremos-historia-en-veracruz-el-1-de-junio-rosa-maria","status":"publish","type":"post","link":"https:\/\/encuentroinformativo.com.mx\/?p=67733","title":{"rendered":"Con triunfo contundente, haremos historia en Veracruz el 1 de junio: Rosa Mar\u00eda"},"content":{"rendered":"<p><strong>* La candidata de la coalici\u00f3n MORENA\u2013PVEM cerr\u00f3 su campa\u00f1a a alcald\u00eda de Veracruz arropada por diez mil personas en el Z\u00f3calo porte\u00f1o.<\/strong><\/p>\n<p><strong>* Acompa\u00f1ada de la presidenta nacional de Morena, Luisa Mar\u00eda Alcalde Luj\u00e1n, la abanderada morenista llam\u00f3 a votar y cuidar las casillas para que Veracruz renazca.<\/strong><\/p>\n<p>Veracruz, Ver.- Con el respaldo de m\u00e1s de diez mil personas reunidas en el Z\u00f3calo del puerto, Rosa Mar\u00eda Hern\u00e1ndez Espejo cerr\u00f3 su campa\u00f1a a la alcald\u00eda de Veracruz. Arropada por la presidenta nacional de Morena, Luisa Mar\u00eda Alcalde Luj\u00e1n, y por el dirigente estatal Esteban Ram\u00edrez Zepeta, la candidata expres\u00f3 su confianza en que este 1 de junio, el pueblo jarocho har\u00e1 historia una vez m\u00e1s.<\/p>\n<p>El evento inici\u00f3 con un emotivo ritual colectivo en el que se invocaron los cuatro puntos cardinales para pedir que la energ\u00eda fluya y se convierta en lo que todas y todos desean: el bienestar de Veracruz con Rosa Mar\u00eda al frente. Las buenas vibras, la unidad y la esperanza fueron protagonistas en una tarde llena de simbolismo y compromiso.<\/p>\n<p>La candidata agradeci\u00f3 profundamente a todas las personas que, durante los d\u00edas de campa\u00f1a, la recibieron con afecto, palabras de aliento y esperanza en sus casas, sus negocios y sus calles. Cont\u00f3 c\u00f3mo en cada recorrido encontr\u00f3 miradas sinceras, abrazos espont\u00e1neos y voces que clamaban por un cambio verdadero. \u201cRecibimos cari\u00f1o, pero tambi\u00e9n escuchamos el hartazgo de un pueblo que quiere volver a ver brillar a su ciudad\u201d, expres\u00f3 Rosa Mar\u00eda conmovida.<\/p>\n<p>Reconoci\u00f3 tambi\u00e9n a las y los brigadistas que caminaron con ella cada calle, bajo el sol intenso, recogiendo el sentir popular. \u201cFue un honor caminar con ustedes\u201d, dijo visiblemente emocionada.<\/p>\n<p>Rosa Mar\u00eda reafirm\u00f3 su compromiso de iniciar la transformaci\u00f3n desde el primer d\u00eda de gobierno. \u201cVamos a resolver el problema del alumbrado p\u00fablico desde el primer d\u00eda. Nuestra ciudad estar\u00e1 iluminada\u201d, afirm\u00f3 ante la multitud, reiterando tambi\u00e9n su compromiso con las tarifas justas, el agua de calidad y la recolecci\u00f3n diaria de basura.<\/p>\n<p>Por su parte, Luisa Mar\u00eda Alcalde Luj\u00e1n advirti\u00f3 que no hay espacio para el exceso de confianza, pues la historia ha demostrado que los adversarios son expertos en fraudes y trampas. \u201cVamos a cuidar nuestras casillas, vamos a cuidar nuestros votos. Aqu\u00ed hay un pueblo valiente que va a salir a votar de forma masiva, alegre y con esperanza\u201d, expres\u00f3.<\/p>\n<p>El dirigente estatal de Morena, Esteban Ram\u00edrez Zepeta, reconoci\u00f3 la trayectoria de Rosa Mar\u00eda como fundadora del movimiento de transformaci\u00f3n y llam\u00f3 a no dar ni un paso atr\u00e1s. \u201cVamos a defender con todo la victoria del pueblo. No vamos a permitir que regresen los que s\u00f3lo han saqueado\u201d, dijo.<\/p>\n<p>Finalmente, Rosa Mar\u00eda hizo un llamado a votar desde temprano este 1 de junio, a defender el voto con alegr\u00eda y a reencontrarse por la tarde en ese mismo Z\u00f3calo que hoy fue testigo del entusiasmo de los porte\u00f1os, cuando las s\u00e1banas de resultados confirmen lo que ya se siente en las calles: que Veracruz est\u00e1 listo para renacer.<\/p>\n","protected":false},"excerpt":{"rendered":"<p>* La candidata de la coalici\u00f3n MORENA\u2013PVEM cerr\u00f3 su campa\u00f1a a alcald\u00eda de Veracruz arropada por diez mil personas en el Z\u00f3calo porte\u00f1o. * Acompa\u00f1ada de la presidenta nacional de Morena, Luisa Mar\u00eda Alcalde Luj\u00e1n, la abanderada morenista llam\u00f3 a votar y cuidar las casillas para que Veracruz renazca. Veracruz, Ver.- Con el respaldo de [&hellip;]<\/p>\n","protected":false},"author":2476,"featured_media":67734,"comment_status":"open","ping_status":"open","sticky":false,"template":"","format":"standard","meta":{"_jetpack_memberships_contains_paid_content":false,"footnotes":""},"categories":[2],"tags":[],"class_list":["post-67733","post","type-post","status-publish","format-standard","has-post-thumbnail","hentry","category-estado"],"jetpack_featured_media_url":"https:\/\/encuentroinformativo.com.mx\/wp-content\/uploads\/2025\/05\/IMG-20250528-WA0426.jpg","jetpack_sharing_enabled":true,"jetpack_likes_enabled":true,"amp_enabled":true,"_links":{"self":[{"href":"https:\/\/encuentroinformativo.com.mx\/index.php?rest_route=\/wp\/v2\/posts\/67733","targetHints":{"allow":["GET"]}}],"collection":[{"href":"https:\/\/encuentroinformativo.com.mx\/index.php?rest_route=\/wp\/v2\/posts"}],"about":[{"href":"https:\/\/encuentroinformativo.com.mx\/index.php?rest_route=\/wp\/v2\/types\/post"}],"author":[{"embeddable":true,"href":"https:\/\/encuentroinformativo.com.mx\/index.php?rest_route=\/wp\/v2\/users\/2476"}],"replies":[{"embeddable":true,"href":"https:\/\/encuentroinformativo.com.mx\/index.php?rest_route=%2Fwp%2Fv2%2Fcomments&post=67733"}],"version-history":[{"count":1,"href":"https:\/\/encuentroinformativo.com.mx\/index.php?rest_route=\/wp\/v2\/posts\/67733\/revisions"}],"predecessor-version":[{"id":67735,"href":"https:\/\/encuentroinformativo.com.mx\/index.php?rest_route=\/wp\/v2\/posts\/67733\/revisions\/67735"}],"wp:featuredmedia":[{"embeddable":true,"href":"https:\/\/encuentroinformativo.com.mx\/index.php?rest_route=\/wp\/v2\/media\/67734"}],"wp:attachment":[{"href":"https:\/\/encuentroinformativo.com.mx\/index.php?rest_route=%2Fwp%2Fv2%2Fmedia&parent=67733"}],"wp:term":[{"taxonomy":"category","embeddable":true,"href":"https:\/\/encuentroinformativo.com.mx\/index.php?rest_route=%2Fwp%2Fv2%2Fcategories&post=67733"},{"taxonomy":"post_tag","embeddable":true,"href":"https:\/\/encuentroinformativo.com.mx\/index.php?rest_route=%2Fwp%2Fv2%2Ftags&post=67733"}],"curies":[{"name":"wp","href":"https:\/\/api.w.org\/{rel}","templated":true}]}}