{"id":67739,"date":"2025-05-29T09:02:38","date_gmt":"2025-05-29T15:02:38","guid":{"rendered":"https:\/\/encuentroinformativo.com.mx\/?p=67739"},"modified":"2025-05-29T09:02:38","modified_gmt":"2025-05-29T15:02:38","slug":"un-mes-no-basta","status":"publish","type":"post","link":"https:\/\/encuentroinformativo.com.mx\/?p=67739","title":{"rendered":"UN MES NO BASTA"},"content":{"rendered":"<p dir=\"ltr\"><strong>Los Pol\u00edticos<\/strong><\/p>\n<p dir=\"ltr\"><strong>Salvador Mu\u00f1oz<\/strong><\/p>\n<p dir=\"ltr\">Lo que a continuaci\u00f3n escribo, es el sentir de mis vecinos, de los ciudadanos, de los conocidos, de lo que le cuentan a la mujer y me cuentan a m\u00ed en la calle, en el centro comercial, en la familia\u2026 un mes no basta.<\/p>\n<p dir=\"ltr\">S\u00ed, a escasos d\u00edas de las elecciones para renovar las presidencias municipales en Veracruz \u2013212 en total\u2013 la percepci\u00f3n generalizada entre los veracruzanos es de vac\u00edo, como de que falt\u00f3 algo\u2026 quiz\u00e1s tiempo.<\/p>\n<p dir=\"ltr\">M\u00e1s all\u00e1 del ruido de los cierres de campa\u00f1a, para muchos veracruzanos es momento de enterarse, quiz\u00e1s por primera vez, de qui\u00e9nes son estas personas que buscan gobernar su municipio. Esta situaci\u00f3n es alarmante por ese vac\u00edo del que l\u00edneas arriba les comento: un mes de campa\u00f1a parece ser, para muchos, apenas suficiente para colgar pendones y entregar volantes, posicionar una frase, o una imagen\u2026 pero no para generar una conexi\u00f3n real entre candidato y ciudadano.<\/p>\n<p dir=\"ltr\">La brevedad del periodo de campa\u00f1as municipales (as\u00ed se percibe) se convierte en un obst\u00e1culo natural para la construcci\u00f3n de propuestas s\u00f3lidas y, sobre todo, para que \u00e9stas lleguen a o\u00eddos y conciencia del electorado. La idea, entiendo, busca equilibrar el proceso, evitar derroches y contener la confrontaci\u00f3n pol\u00edtica\u2026 (nom\u00e1s chequen la \u00faltima semana c\u00f3mo se le fueron encima a los y las punteras).\u00a0 En la pr\u00e1ctica, lo que se vive es un escenario de confusi\u00f3n e improvisaci\u00f3n en el que candidatos \u2013algunos reci\u00e9n salidos del anonimato\u2013 intentan en cuatro semanas lo que requiere meses de presencia, trabajo territorial y comunicaci\u00f3n clara.<\/p>\n<p dir=\"ltr\">Est\u00e1 el otro lado de la moneda. La pr\u00e1ctica com\u00fan de precampa\u00f1as disfrazadas, donde ciertos actores, ya sea desde un cargo p\u00fablico o con el respaldo de una estructura partidista, se promocionan con antelaci\u00f3n bajo la cantidad de pretextos, siendo el m\u00e1s reciente: la campa\u00f1a de afiliaci\u00f3n. Es entonces cuando el mes de campa\u00f1a deja de ser breve para algunos y eterno para otros: quienes ya han pavimentado su camino desde antes, juegan con ventaja, mientras que los llamados \u201cbateadores emergentes\u201d apenas logran hacerse visibles fuera de su propio partido.<\/p>\n<p dir=\"ltr\">La ciudadan\u00eda, por su parte, se enfrenta a un bombardeo de nombres, logotipos y promesas que llegan sin contexto ni profundidad. En municipios rurales o de dif\u00edcil acceso a internet, el acceso a la informaci\u00f3n es a\u00fan m\u00e1s limitado. Y aunque la intenci\u00f3n de informarse exista, el tiempo simplemente no alcanza para comparar, analizar y decidir con conciencia.<\/p>\n<p dir=\"ltr\">El fen\u00f3meno se agrava cuando consideramos que muchas personas ya no distinguen entre una campa\u00f1a formal y la promoci\u00f3n anticipada. Esto erosiona la confianza en el proceso democr\u00e1tico en unos y empuja a una idea cada vez m\u00e1s preocupante: si no conoces a los candidatos, ni sus ideas, ni sus trayectorias, \u00bfc\u00f3mo votar con responsabilidad?<\/p>\n<p dir=\"ltr\">En contraste, el proceso electoral del Poder Judicial \u2013aunque con un plazo mayor de dos meses\u2013 sufre una limitante distinta: la imposibilidad pr\u00e1ctica de muchos jueces o magistrados para hacer campa\u00f1a activa, salvo en fines de semana o mediante redes sociales, donde su alcance depende m\u00e1s del algoritmo que de sus m\u00e9ritos. Bueno, los que apenas aspiran a un cargo, tienen toda la ventaja para hacerlo a la hora que se les repegue su nagada chinga.<\/p>\n<p dir=\"ltr\">As\u00ed, las campa\u00f1as se han vuelto ejercicios desiguales, donde el reloj corre m\u00e1s r\u00e1pido para unos que para otros, y donde la ciudadan\u00eda, la principal interesada, queda muchas veces fuera del juego. La democracia local, la m\u00e1s cercana al d\u00eda a d\u00eda de las personas, merece un redise\u00f1o de tiempos y estrategias. Porque hoy, m\u00e1s que nunca, un mes no basta.<\/p>\n","protected":false},"excerpt":{"rendered":"<p>Los Pol\u00edticos Salvador Mu\u00f1oz Lo que a continuaci\u00f3n escribo, es el sentir de mis vecinos, de los ciudadanos, de los conocidos, de lo que le cuentan a la mujer y me cuentan a m\u00ed en la calle, en el centro comercial, en la familia\u2026 un mes no basta. S\u00ed, a escasos d\u00edas de las elecciones [&hellip;]<\/p>\n","protected":false},"author":2476,"featured_media":387,"comment_status":"open","ping_status":"open","sticky":false,"template":"","format":"standard","meta":{"_jetpack_memberships_contains_paid_content":false,"footnotes":""},"categories":[11],"tags":[],"class_list":["post-67739","post","type-post","status-publish","format-standard","has-post-thumbnail","hentry","category-opinion"],"jetpack_featured_media_url":"https:\/\/encuentroinformativo.com.mx\/wp-content\/uploads\/2020\/03\/7CF8A22B-2764-47BE-8F7F-38FE9E5D6A2F.jpeg","jetpack_sharing_enabled":true,"jetpack_likes_enabled":true,"amp_enabled":true,"_links":{"self":[{"href":"https:\/\/encuentroinformativo.com.mx\/index.php?rest_route=\/wp\/v2\/posts\/67739","targetHints":{"allow":["GET"]}}],"collection":[{"href":"https:\/\/encuentroinformativo.com.mx\/index.php?rest_route=\/wp\/v2\/posts"}],"about":[{"href":"https:\/\/encuentroinformativo.com.mx\/index.php?rest_route=\/wp\/v2\/types\/post"}],"author":[{"embeddable":true,"href":"https:\/\/encuentroinformativo.com.mx\/index.php?rest_route=\/wp\/v2\/users\/2476"}],"replies":[{"embeddable":true,"href":"https:\/\/encuentroinformativo.com.mx\/index.php?rest_route=%2Fwp%2Fv2%2Fcomments&post=67739"}],"version-history":[{"count":1,"href":"https:\/\/encuentroinformativo.com.mx\/index.php?rest_route=\/wp\/v2\/posts\/67739\/revisions"}],"predecessor-version":[{"id":67740,"href":"https:\/\/encuentroinformativo.com.mx\/index.php?rest_route=\/wp\/v2\/posts\/67739\/revisions\/67740"}],"wp:featuredmedia":[{"embeddable":true,"href":"https:\/\/encuentroinformativo.com.mx\/index.php?rest_route=\/wp\/v2\/media\/387"}],"wp:attachment":[{"href":"https:\/\/encuentroinformativo.com.mx\/index.php?rest_route=%2Fwp%2Fv2%2Fmedia&parent=67739"}],"wp:term":[{"taxonomy":"category","embeddable":true,"href":"https:\/\/encuentroinformativo.com.mx\/index.php?rest_route=%2Fwp%2Fv2%2Fcategories&post=67739"},{"taxonomy":"post_tag","embeddable":true,"href":"https:\/\/encuentroinformativo.com.mx\/index.php?rest_route=%2Fwp%2Fv2%2Ftags&post=67739"}],"curies":[{"name":"wp","href":"https:\/\/api.w.org\/{rel}","templated":true}]}}