{"id":67741,"date":"2025-05-29T09:12:30","date_gmt":"2025-05-29T15:12:30","guid":{"rendered":"https:\/\/encuentroinformativo.com.mx\/?p=67741"},"modified":"2025-05-29T09:12:30","modified_gmt":"2025-05-29T15:12:30","slug":"exrectores-uv-hacen-un-llamado-para-mantener-autonomia-de-la-institucion","status":"publish","type":"post","link":"https:\/\/encuentroinformativo.com.mx\/?p=67741","title":{"rendered":"Exrectores UV hacen un llamado para mantener autonom\u00eda de la instituci\u00f3n"},"content":{"rendered":"<p><strong>Redacci\u00f3n<\/strong><\/p>\n<p>Xalapa, Ver.- Ex rectores de la Universidad Veracruzana hacen un llamado para mantener la autonom\u00eda interna y externa de la m\u00e1xima Casa de Estudios, a trav\u00e9s de una carta p\u00fablica se\u00f1alan como una \u201cpreocupaci\u00f3n\u201d el que la Junta de Gobierno de la UV act\u00fae con estricto apego a derecho.<\/p>\n<p>A continuaci\u00f3n, la misiva emitida por exrectores de la Universidad Veracruzana:<\/p>\n<p><strong>A los miembros del Consejo Universitario General;<\/strong><br \/>\n<strong>A la Honorable Junta de Gobierno de la Universidad Veracruzana; A la comunidad universitaria;<\/strong><br \/>\n<strong>A la sociedad veracruzana:<\/strong><\/p>\n<p>Quienes hemos tenido la honrosa responsabilidad de ejercer el cargo de la rector\u00eda de la Universidad Veracruzana (UV), durante su etapa aut\u00f3noma, compartimos hoy una inquietud. Nos une no s\u00f3lo el haber servido a la m\u00e1xima casa de estudios de Veracruz, alma mater de miles de egresados, estudiantes y personal a su servicio, sino tambi\u00e9n, el deber \u00e9tico de velar por su autonom\u00eda interna y externa, su estabilidad institucional y su futuro trascendente.<\/p>\n<p>Por ello, manifestamos de manera abierta, respetuosa, clara y contundente, nuestra preocupaci\u00f3n de que la Honorable Junta de Gobierno de la Universidad Veracruzana act\u00fae con estricto apego a derecho en cada etapa del proceso de designaci\u00f3n de la persona que ocupar\u00e1 la Rector\u00eda de la UV para el periodo 2025\u20132029.<\/p>\n<p>En tiempos en los que la transparencia institucional es indispensable para preservar la legitimidad de las universidades p\u00fablicas mexicanas; cualquier desv\u00edo del marco normativo \u2013por m\u00ednimo que parezca\u2013 puede poner en entredicho no s\u00f3lo la autonom\u00eda de nuestra casa de estudios, sino tambi\u00e9n el compromiso \u00e9tico y social que debe regir su gobernanza.<\/p>\n<p>La legislaci\u00f3n universitaria establece que la persona titular de la Rector\u00eda ser\u00e1 designada por la Junta de Gobierno, y define con precisi\u00f3n \u2013y sin dejar duda o espacio a interpretaciones meta legales\u2013 los pasos y plazos a seguir: desde la emisi\u00f3n oportuna de la convocatoria, los requisitos que deben cumplir los aspirantes, los mecanismos de auscultaci\u00f3n y an\u00e1lisis de quienes aspiran a la rector\u00eda. Estas disposiciones legales no son sugerencias: constituyen mandatos legales que deben cumplirse con puntualidad y transparencia, sin interpretaciones. Interpretar la normativa institucional, no es atribuci\u00f3n de la Junta de Gobierno.<\/p>\n<p>Retrasar, omitir, interpretar ilegalmente o alterar el curso normativo de este proceso, por la raz\u00f3n que sea, abre la puerta a arbitrariedades que amenazan la credibilidad de la m\u00e1xima casa de estudios de Veracruz. No se trata \u00fanicamente de una cuesti\u00f3n t\u00e9cnica o administrativa: est\u00e1 en juego la confianza p\u00fablica, la certeza jur\u00eddica y la legitimidad del pr\u00f3ximo liderazgo rectoral.<\/p>\n<p>El respeto a la autonom\u00eda universitaria es crucial en todo momento; a\u00fan m\u00e1s en el actual. Cuando se trata de decisiones de trascendencia institucional, la legislaci\u00f3n universitaria debe respetarse con rigor, integridad \u00e9tica, sin ambig\u00fcedad y con visi\u00f3n de futuro.<\/p>\n<p>Por estas razones, como ex rectores de la etapa aut\u00f3noma de la Universidad Veracruzana exhortamos con firmeza a su Junta de Gobierno a que:<\/p>\n<p>I. Emita con la debida oportunidad y claridad la convocatoria correspondiente, dentro del marco legal vigente.<br \/>\nII. Garantice que el proceso se lleve a cabo con plena transparencia y mediante una amplia participaci\u00f3n y auscultaci\u00f3n a la comunidad universitaria y frente a la sociedad veracruzana a la que se debe.<br \/>\nIII. Observe y aplique rigurosamente los criterios, principios y tiempos establecidos por la Ley Org\u00e1nica, Ley de Autonom\u00eda y el Reglamento interno de la Junta de Gobierno.<br \/>\nIV. Haga efectivo su compromiso con la autonom\u00eda institucional, libre de cualquier tipo de presi\u00f3n o injerencia externa o interna.<\/p>\n<p>La Universidad Veracruzana ha sido, durante d\u00e9cadas, un faro de pensamiento cr\u00edtico, de libertad acad\u00e9mica y de servicio p\u00fablico. Preservar su integridad es responsabilidad de todos, especialmente de quienes ostentan funciones clave en su gobernanza.<\/p>\n<p>La historia no absuelve a quienes act\u00faan fuera de la ley o a quienes optan por el silencio o la omisi\u00f3n.<\/p>\n<p>Nuestro llamado no es solo un acto de memoria, sino una exigencia basada en la legalidad y la honorabilidad, por la estabilidad e imagen social de nuestra casa de estudios; es un llamado a que prevalezca un marco de respeto a la autonom\u00eda universitaria y al actuar legal de la Honorable Junta de Gobierno de la Universidad Veracruzana.<br \/>\nAtentamente<\/p>\n<p>Los ex rectores de la Universidad Veracruzana en su etapa aut\u00f3noma:<br \/>\n<strong>Dr. V\u00edctor Arredondo \u00c1lvarez<\/strong><br \/>\n<strong>Dr. Ra\u00fal Arias Lovillo<\/strong><br \/>\n<strong>Dra. Sara Ladr\u00f3n de Guevara Gonz\u00e1lez<\/strong><\/p>\n","protected":false},"excerpt":{"rendered":"<p>Redacci\u00f3n Xalapa, Ver.- Ex rectores de la Universidad Veracruzana hacen un llamado para mantener la autonom\u00eda interna y externa de la m\u00e1xima Casa de Estudios, a trav\u00e9s de una carta p\u00fablica se\u00f1alan como una \u201cpreocupaci\u00f3n\u201d el que la Junta de Gobierno de la UV act\u00fae con estricto apego a derecho. A continuaci\u00f3n, la misiva emitida [&hellip;]<\/p>\n","protected":false},"author":2476,"featured_media":30775,"comment_status":"open","ping_status":"open","sticky":false,"template":"","format":"standard","meta":{"_jetpack_memberships_contains_paid_content":false,"footnotes":""},"categories":[2],"tags":[],"class_list":["post-67741","post","type-post","status-publish","format-standard","has-post-thumbnail","hentry","category-estado"],"jetpack_featured_media_url":"https:\/\/encuentroinformativo.com.mx\/wp-content\/uploads\/2022\/08\/48D251C5-88D0-42DB-89D1-505A6026C155.jpeg","jetpack_sharing_enabled":true,"jetpack_likes_enabled":true,"amp_enabled":true,"_links":{"self":[{"href":"https:\/\/encuentroinformativo.com.mx\/index.php?rest_route=\/wp\/v2\/posts\/67741","targetHints":{"allow":["GET"]}}],"collection":[{"href":"https:\/\/encuentroinformativo.com.mx\/index.php?rest_route=\/wp\/v2\/posts"}],"about":[{"href":"https:\/\/encuentroinformativo.com.mx\/index.php?rest_route=\/wp\/v2\/types\/post"}],"author":[{"embeddable":true,"href":"https:\/\/encuentroinformativo.com.mx\/index.php?rest_route=\/wp\/v2\/users\/2476"}],"replies":[{"embeddable":true,"href":"https:\/\/encuentroinformativo.com.mx\/index.php?rest_route=%2Fwp%2Fv2%2Fcomments&post=67741"}],"version-history":[{"count":1,"href":"https:\/\/encuentroinformativo.com.mx\/index.php?rest_route=\/wp\/v2\/posts\/67741\/revisions"}],"predecessor-version":[{"id":67742,"href":"https:\/\/encuentroinformativo.com.mx\/index.php?rest_route=\/wp\/v2\/posts\/67741\/revisions\/67742"}],"wp:featuredmedia":[{"embeddable":true,"href":"https:\/\/encuentroinformativo.com.mx\/index.php?rest_route=\/wp\/v2\/media\/30775"}],"wp:attachment":[{"href":"https:\/\/encuentroinformativo.com.mx\/index.php?rest_route=%2Fwp%2Fv2%2Fmedia&parent=67741"}],"wp:term":[{"taxonomy":"category","embeddable":true,"href":"https:\/\/encuentroinformativo.com.mx\/index.php?rest_route=%2Fwp%2Fv2%2Fcategories&post=67741"},{"taxonomy":"post_tag","embeddable":true,"href":"https:\/\/encuentroinformativo.com.mx\/index.php?rest_route=%2Fwp%2Fv2%2Ftags&post=67741"}],"curies":[{"name":"wp","href":"https:\/\/api.w.org\/{rel}","templated":true}]}}