{"id":67757,"date":"2025-05-29T12:40:27","date_gmt":"2025-05-29T18:40:27","guid":{"rendered":"https:\/\/encuentroinformativo.com.mx\/?p=67757"},"modified":"2025-05-29T12:40:27","modified_gmt":"2025-05-29T18:40:27","slug":"patrimonio-de-celia-cruz-demandaria-a-salsa-fest-de-veracruz","status":"publish","type":"post","link":"https:\/\/encuentroinformativo.com.mx\/?p=67757","title":{"rendered":"Patrimonio de Celia Cruz demandar\u00eda a Salsa Fest de Veracruz"},"content":{"rendered":"<p><strong>Alejandro \u00c1vila<\/strong><\/p>\n<p>Boca del R\u00edo, Ver.- De continuar con la promoci\u00f3n y uso del nombre de la cantante cubana en un presunto homenaje que se le har\u00eda durante el Festival de la Salsa de Veracruz en el 2025, el Patrimonio de Celia Cruz anunci\u00f3 que se tomar\u00edan medidas legales en su contra.<\/p>\n<p>Cabe mencionar que, en las redes sociales oficiales del Festival de la Salsa que se desarrollar\u00e1 del 13 al 15 de junio en el municipio de Boca del R\u00edo, y avalado por el Gobierno de Veracruz, se inform\u00f3 que en esta edici\u00f3n se har\u00eda homenaje a la &#8220;Guarachera de Cuba&#8221;.<\/p>\n<p>Sin embargo, hace unas horas se inform\u00f3 que los \u00fanicos homenajes autorizados ser\u00edan difundidos a trav\u00e9s de las redes sociales y p\u00e1ginas oficiales del Patrimonio de Celia Cruz, donde el Salsa Fest de Veracruz no ha pagado los respectivos derechos de uso de la marca.<\/p>\n<p>Es por ello que se advirti\u00f3 que toda empresa o evento que utilice el nombre de Celia Caridad Cruz y Alfonso &#8220;Celia Cruz&#8221;, ser\u00e1 denunciado y demandado en caso de no llegar a un arreglo por la respectiva regal\u00edas.<\/p>\n","protected":false},"excerpt":{"rendered":"<p>Alejandro \u00c1vila Boca del R\u00edo, Ver.- De continuar con la promoci\u00f3n y uso del nombre de la cantante cubana en un presunto homenaje que se le har\u00eda durante el Festival de la Salsa de Veracruz en el 2025, el Patrimonio de Celia Cruz anunci\u00f3 que se tomar\u00edan medidas legales en su contra. Cabe mencionar que, [&hellip;]<\/p>\n","protected":false},"author":2476,"featured_media":67758,"comment_status":"open","ping_status":"open","sticky":false,"template":"","format":"standard","meta":{"_jetpack_memberships_contains_paid_content":false,"footnotes":""},"categories":[2],"tags":[],"class_list":["post-67757","post","type-post","status-publish","format-standard","has-post-thumbnail","hentry","category-estado"],"jetpack_featured_media_url":"https:\/\/encuentroinformativo.com.mx\/wp-content\/uploads\/2025\/05\/IMG-20250529-WA01482.jpg","jetpack_sharing_enabled":true,"jetpack_likes_enabled":true,"amp_enabled":true,"_links":{"self":[{"href":"https:\/\/encuentroinformativo.com.mx\/index.php?rest_route=\/wp\/v2\/posts\/67757","targetHints":{"allow":["GET"]}}],"collection":[{"href":"https:\/\/encuentroinformativo.com.mx\/index.php?rest_route=\/wp\/v2\/posts"}],"about":[{"href":"https:\/\/encuentroinformativo.com.mx\/index.php?rest_route=\/wp\/v2\/types\/post"}],"author":[{"embeddable":true,"href":"https:\/\/encuentroinformativo.com.mx\/index.php?rest_route=\/wp\/v2\/users\/2476"}],"replies":[{"embeddable":true,"href":"https:\/\/encuentroinformativo.com.mx\/index.php?rest_route=%2Fwp%2Fv2%2Fcomments&post=67757"}],"version-history":[{"count":1,"href":"https:\/\/encuentroinformativo.com.mx\/index.php?rest_route=\/wp\/v2\/posts\/67757\/revisions"}],"predecessor-version":[{"id":67759,"href":"https:\/\/encuentroinformativo.com.mx\/index.php?rest_route=\/wp\/v2\/posts\/67757\/revisions\/67759"}],"wp:featuredmedia":[{"embeddable":true,"href":"https:\/\/encuentroinformativo.com.mx\/index.php?rest_route=\/wp\/v2\/media\/67758"}],"wp:attachment":[{"href":"https:\/\/encuentroinformativo.com.mx\/index.php?rest_route=%2Fwp%2Fv2%2Fmedia&parent=67757"}],"wp:term":[{"taxonomy":"category","embeddable":true,"href":"https:\/\/encuentroinformativo.com.mx\/index.php?rest_route=%2Fwp%2Fv2%2Fcategories&post=67757"},{"taxonomy":"post_tag","embeddable":true,"href":"https:\/\/encuentroinformativo.com.mx\/index.php?rest_route=%2Fwp%2Fv2%2Ftags&post=67757"}],"curies":[{"name":"wp","href":"https:\/\/api.w.org\/{rel}","templated":true}]}}