{"id":6776,"date":"2020-10-10T16:15:15","date_gmt":"2020-10-10T21:15:15","guid":{"rendered":"https:\/\/encuentroinformativo.com.mx\/?p=6776"},"modified":"2020-10-10T16:15:18","modified_gmt":"2020-10-10T21:15:18","slug":"embajada-de-estados-unidos-ayudara-a-colectivo-solecito-con-identificacion-forense","status":"publish","type":"post","link":"https:\/\/encuentroinformativo.com.mx\/?p=6776","title":{"rendered":"Embajada de Estados Unidos ayudar\u00e1 a Colectivo Solecito con identificaci\u00f3n forense"},"content":{"rendered":"\n<p><strong>Alejandro \u00c1vila<\/strong><\/p>\n\n\n\n<p>Veracruz, Ver.- Este s\u00e1bado por la ma\u00f1ana en conocido caf\u00e9 del Centro Hist\u00f3rico de Veracruz Puerto, el Colectivo Solecito sostuvo una reuni\u00f3n con el embajador de los Estados Unidos en M\u00e9xico, Chistopher Landau.<\/p>\n\n\n\n<p>Lucy D\u00edaz Genao, vocera del colectivo de b\u00fasqueda de desaparecidos, calific\u00f3 al diplom\u00e1tico como una persona solidaria y emp\u00e1tica sobre las v\u00edctimas de desaparici\u00f3n forzada, as\u00ed como con sus familiares.<\/p>\n\n\n\n<p>\u201cLe hablamos del mecanismo de identificaci\u00f3n forense que ya se aprob\u00f3, pero necesita recursos y tambi\u00e9n estuvimos platicando de la situaci\u00f3n de las investigaciones que est\u00e1n muy rezagadas. En fin, los temas de los desaparecidos, cuando t\u00fa veas a Solecito en alg\u00fan lugar, Solecito est\u00e1 hablando de los desaparecidos, de los amores ausentes del Solecito\u201d, se\u00f1al\u00f3.<\/p>\n\n\n\n<p>Lucy D\u00edaz estuvo acompa\u00f1ada de Rosal\u00eda Castro Coss, quienes confirmaron la Embajada apoyar\u00e1 en la medida de lo posible a su colectiva. Adem\u00e1s se pact\u00f3 otra reuni\u00f3n con el embajador, pero ahora en la Ciudad de M\u00e9xico.<\/p>\n\n\n\n<p>\u201cAcordamos que vamos a tener otra reuni\u00f3n en M\u00e9xico, para ya m\u00e1s o menos plantear, pero s\u00ed hay un apoyo en particular, sobre eso de las identificaciones; es decir, el mecanismo de identificaci\u00f3n forense va a requerir peritos, va a requerir trabajo de laboratorio, va a requerir mucho de incluso tecnolog\u00eda, entonces en ese sentido quiz\u00e1 ellos puedan apoyar\u201d, subray\u00f3.<\/p>\n\n\n\n<p>D\u00edaz Genao, dijo que esta reuni\u00f3n ya estaba programada, se iba a realizar en marzo de este a\u00f1o, pero debido a la pandemia por COVID-19 se suspendi\u00f3.<\/p>\n\n\n\n<p>En la pr\u00f3xima cita en la Ciudad de M\u00e9xico, llevar\u00e1n las datos concretos de las investigaciones y hallazgos que han hecho a los largo de los a\u00f1os.<\/p>\n","protected":false},"excerpt":{"rendered":"<p>Alejandro \u00c1vila Veracruz, Ver.- Este s\u00e1bado por la ma\u00f1ana en conocido caf\u00e9 del Centro Hist\u00f3rico de Veracruz Puerto, el Colectivo Solecito sostuvo una reuni\u00f3n con el embajador de los Estados Unidos en M\u00e9xico, Chistopher Landau. Lucy D\u00edaz Genao, vocera del colectivo de b\u00fasqueda de desaparecidos, calific\u00f3 al diplom\u00e1tico como una persona solidaria y emp\u00e1tica sobre [&hellip;]<\/p>\n","protected":false},"author":1,"featured_media":6777,"comment_status":"open","ping_status":"open","sticky":false,"template":"","format":"standard","meta":{"_jetpack_memberships_contains_paid_content":false,"footnotes":""},"categories":[2],"tags":[],"class_list":["post-6776","post","type-post","status-publish","format-standard","has-post-thumbnail","hentry","category-estado"],"jetpack_featured_media_url":"https:\/\/encuentroinformativo.com.mx\/wp-content\/uploads\/2020\/10\/45C5BC78-DA1F-4345-8F1C-B5A21311A2CC.jpeg","jetpack_sharing_enabled":true,"jetpack_likes_enabled":true,"amp_enabled":true,"_links":{"self":[{"href":"https:\/\/encuentroinformativo.com.mx\/index.php?rest_route=\/wp\/v2\/posts\/6776","targetHints":{"allow":["GET"]}}],"collection":[{"href":"https:\/\/encuentroinformativo.com.mx\/index.php?rest_route=\/wp\/v2\/posts"}],"about":[{"href":"https:\/\/encuentroinformativo.com.mx\/index.php?rest_route=\/wp\/v2\/types\/post"}],"author":[{"embeddable":true,"href":"https:\/\/encuentroinformativo.com.mx\/index.php?rest_route=\/wp\/v2\/users\/1"}],"replies":[{"embeddable":true,"href":"https:\/\/encuentroinformativo.com.mx\/index.php?rest_route=%2Fwp%2Fv2%2Fcomments&post=6776"}],"version-history":[{"count":1,"href":"https:\/\/encuentroinformativo.com.mx\/index.php?rest_route=\/wp\/v2\/posts\/6776\/revisions"}],"predecessor-version":[{"id":6778,"href":"https:\/\/encuentroinformativo.com.mx\/index.php?rest_route=\/wp\/v2\/posts\/6776\/revisions\/6778"}],"wp:featuredmedia":[{"embeddable":true,"href":"https:\/\/encuentroinformativo.com.mx\/index.php?rest_route=\/wp\/v2\/media\/6777"}],"wp:attachment":[{"href":"https:\/\/encuentroinformativo.com.mx\/index.php?rest_route=%2Fwp%2Fv2%2Fmedia&parent=6776"}],"wp:term":[{"taxonomy":"category","embeddable":true,"href":"https:\/\/encuentroinformativo.com.mx\/index.php?rest_route=%2Fwp%2Fv2%2Fcategories&post=6776"},{"taxonomy":"post_tag","embeddable":true,"href":"https:\/\/encuentroinformativo.com.mx\/index.php?rest_route=%2Fwp%2Fv2%2Ftags&post=6776"}],"curies":[{"name":"wp","href":"https:\/\/api.w.org\/{rel}","templated":true}]}}