{"id":67763,"date":"2025-05-29T14:07:56","date_gmt":"2025-05-29T20:07:56","guid":{"rendered":"https:\/\/encuentroinformativo.com.mx\/?p=67763"},"modified":"2025-05-29T14:07:56","modified_gmt":"2025-05-29T20:07:56","slug":"reliquias-de-maria-de-nazaret-visitan-la-catedral-metropolitana","status":"publish","type":"post","link":"https:\/\/encuentroinformativo.com.mx\/?p=67763","title":{"rendered":"Reliquias de Mar\u00eda de Nazaret visitan la catedral metropolitana"},"content":{"rendered":"<p><strong>Dar\u00edo Pale<\/strong><\/p>\n<p>Xalapa, Ver.- El d\u00eda de ayer llegaron a la catedral Metropolitana de Xalapa las reliquias de la casa de Mar\u00eda de Nazaret las cuales arribaron este mi\u00e9rcoles 28 y hoy jueves 29 de mayo salieron con destino a Piedras Negras.<\/p>\n<p>Las reliquias iniciaron su recorrido el pasado 24 de mayo en Cholula, Puebla en la parroquia de San Pedro y Templo de la Santa Cruz de Jerusal\u00e9n y salieron de ah\u00ed el 25, para trasladarse a San Mart\u00edn Texmelucan Puebla, al convento y parroquia de Santa Mar\u00eda Magdalena saliendo de dicho lugar el 26 con destino a Cholula Puebla donde arrib\u00f3 al convento de San Gabriel saliendo el dia 27 con destino a Orizaba Veracruz.<\/p>\n<p>De Orizaba sali\u00f3 el d\u00eda 28 para llegar a la Catedral Metropolitana de Xalapa y el d\u00eda de hoy sali\u00f3 con destino a Piedras Negras y continuar\u00e1 con su recorrido hacia Izamal, Yucat\u00e1n.<\/p>\n<p>Se sabe que la reliquia es un fragmento de piedra extra\u00eddo de la gruta que, seg\u00fan la tradici\u00f3n cristiana, fue el hogar de Mar\u00eda en Nazareth.<\/p>\n<p>La Santa Casa es considerada, seg\u00fan la tradici\u00f3n, el lugar donde la Virgen recibi\u00f3 el anuncio del \u00e1ngel y vivi\u00f3 con Jes\u00fas y san Jos\u00e9.<\/p>\n<p>Su presencia en Xalapa es un hecho extraordinario que despert\u00f3 entusiasmo entre comunidades religiosas y laicos.<\/p>\n<p><img loading=\"lazy\" decoding=\"async\" class=\"aligncenter size-medium wp-image-67765\" src=\"https:\/\/encuentroinformativo.com.mx\/wp-content\/uploads\/2025\/05\/IMG-20250529-WA0158-225x300.jpg\" alt=\"\" width=\"225\" height=\"300\" srcset=\"https:\/\/encuentroinformativo.com.mx\/wp-content\/uploads\/2025\/05\/IMG-20250529-WA0158-225x300.jpg 225w, https:\/\/encuentroinformativo.com.mx\/wp-content\/uploads\/2025\/05\/IMG-20250529-WA0158-768x1024.jpg 768w, https:\/\/encuentroinformativo.com.mx\/wp-content\/uploads\/2025\/05\/IMG-20250529-WA0158-1152x1536.jpg 1152w, https:\/\/encuentroinformativo.com.mx\/wp-content\/uploads\/2025\/05\/IMG-20250529-WA0158.jpg 1200w\" sizes=\"auto, (max-width: 225px) 100vw, 225px\" \/><\/p>\n","protected":false},"excerpt":{"rendered":"<p>Dar\u00edo Pale Xalapa, Ver.- El d\u00eda de ayer llegaron a la catedral Metropolitana de Xalapa las reliquias de la casa de Mar\u00eda de Nazaret las cuales arribaron este mi\u00e9rcoles 28 y hoy jueves 29 de mayo salieron con destino a Piedras Negras. Las reliquias iniciaron su recorrido el pasado 24 de mayo en Cholula, Puebla [&hellip;]<\/p>\n","protected":false},"author":2476,"featured_media":67767,"comment_status":"open","ping_status":"open","sticky":false,"template":"","format":"standard","meta":{"_jetpack_memberships_contains_paid_content":false,"footnotes":""},"categories":[3],"tags":[],"class_list":["post-67763","post","type-post","status-publish","format-standard","has-post-thumbnail","hentry","category-xalapa"],"jetpack_featured_media_url":"https:\/\/encuentroinformativo.com.mx\/wp-content\/uploads\/2025\/05\/IMG-20250529-WA01592.jpg","jetpack_sharing_enabled":true,"jetpack_likes_enabled":true,"amp_enabled":true,"_links":{"self":[{"href":"https:\/\/encuentroinformativo.com.mx\/index.php?rest_route=\/wp\/v2\/posts\/67763","targetHints":{"allow":["GET"]}}],"collection":[{"href":"https:\/\/encuentroinformativo.com.mx\/index.php?rest_route=\/wp\/v2\/posts"}],"about":[{"href":"https:\/\/encuentroinformativo.com.mx\/index.php?rest_route=\/wp\/v2\/types\/post"}],"author":[{"embeddable":true,"href":"https:\/\/encuentroinformativo.com.mx\/index.php?rest_route=\/wp\/v2\/users\/2476"}],"replies":[{"embeddable":true,"href":"https:\/\/encuentroinformativo.com.mx\/index.php?rest_route=%2Fwp%2Fv2%2Fcomments&post=67763"}],"version-history":[{"count":2,"href":"https:\/\/encuentroinformativo.com.mx\/index.php?rest_route=\/wp\/v2\/posts\/67763\/revisions"}],"predecessor-version":[{"id":67768,"href":"https:\/\/encuentroinformativo.com.mx\/index.php?rest_route=\/wp\/v2\/posts\/67763\/revisions\/67768"}],"wp:featuredmedia":[{"embeddable":true,"href":"https:\/\/encuentroinformativo.com.mx\/index.php?rest_route=\/wp\/v2\/media\/67767"}],"wp:attachment":[{"href":"https:\/\/encuentroinformativo.com.mx\/index.php?rest_route=%2Fwp%2Fv2%2Fmedia&parent=67763"}],"wp:term":[{"taxonomy":"category","embeddable":true,"href":"https:\/\/encuentroinformativo.com.mx\/index.php?rest_route=%2Fwp%2Fv2%2Fcategories&post=67763"},{"taxonomy":"post_tag","embeddable":true,"href":"https:\/\/encuentroinformativo.com.mx\/index.php?rest_route=%2Fwp%2Fv2%2Ftags&post=67763"}],"curies":[{"name":"wp","href":"https:\/\/api.w.org\/{rel}","templated":true}]}}