{"id":67769,"date":"2025-05-29T17:00:35","date_gmt":"2025-05-29T23:00:35","guid":{"rendered":"https:\/\/encuentroinformativo.com.mx\/?p=67769"},"modified":"2025-05-29T17:00:35","modified_gmt":"2025-05-29T23:00:35","slug":"vecinos-piden-derribar-arboles-que-representan-riesgo-en-la-colonia-inmecafe","status":"publish","type":"post","link":"https:\/\/encuentroinformativo.com.mx\/?p=67769","title":{"rendered":"Vecinos piden derribar \u00e1rboles que representan riesgo en la colonia Inmecafe"},"content":{"rendered":"<p><strong>Dar\u00edo Pale<\/strong><\/p>\n<p>Xalapa, Ver.- Mar\u00eda Virginia Mu\u00f1oz D\u00edaz Mu\u00f1oz, Presidenta del Comit\u00e9 de Vecinos de la Obra 202 de la Colonia Inmecafe dio a conocer que las autoridades estatal y municipal de medio ambiente no les responden para poder retirar \u00e1rboles que afectan a personas con discapacidad.<\/p>\n<p>En conferencia de prensa dio a conocer que han entregado varios oficios para que hagan un buen dictamen y los acompa\u00f1en y vean la situaci\u00f3n de los \u00e1rboles, para que vean lo que est\u00e1 perjudicando el ficus, que est\u00e1 haciendo una ra\u00edz muy grande, se mete dentro de las tuber\u00edas, colaps\u00f3 ya las tuber\u00edas, las rompi\u00f3 y ya est\u00e1 tapada.<\/p>\n<p>Las obras que est\u00e1n haciendo no van a tener mucho tiempo de vida si los \u00e1rboles siguen rompiendo las tuber\u00edas y sobre todo las banquetas.<\/p>\n<p>\u201cEstamos en una colonia donde albergamos jardines de ni\u00f1os, escolares y secundarios, muchos padres de familia van con las calles rotas a dejar a los ni\u00f1os, adem\u00e1s que las hojas son muy resbaladizas, hemos tenido accidentes, es una colonia en donde est\u00e1n personas de la tercera edad y se est\u00e1n cayendo\u201d, se\u00f1al\u00f3.<\/p>\n<p>\u201cEs imposible que la Secretar\u00eda de Medio Ambiente no haga su trabajo, le hemos estado generando bastantes oficios y la directora es muy grosera, ni siquiera se ha presentado, no ha contestado los oficios, solamente dijo que el dictamen era negativo porque ten\u00eda firmas de los otros vecinos avalando que no puede cortar ni un \u00e1rbol, no queremos que corten todos, solamente los que est\u00e1n impactando de manera considerable, pero que s\u00ed nos den otras opciones para hacerlo y para nosotros cuidar\u201d, agreg\u00f3.<\/p>\n<p>Inform\u00f3 que desde el pasado 13 de mayo est\u00e1n mandando oficio y es la fecha en que no tienen respuestas, y se est\u00e1n viendo afectadas las calles de Tamazunchale, la calle Tlapacoya, hay un \u00e1rbol grande, junto vive una vecina que tiene una discapacidad, y tiene una hija con discapacidad tambi\u00e9n, y el \u00e1rbol est\u00e1 a punto de caerse, sobre la calle reci\u00e9n pavimentada.<\/p>\n<p>Finalmente se\u00f1al\u00f3 que, quieren que se haga un dictamen y se puedan retirar al menos 4 \u00e1rboles de la calle Tamazunchale y uno de otra calle , ya que est\u00e1n cambio de drenaje, tuber\u00edas, alumbrado p\u00fablico, asfalto, banquetas, en las cuatro calles, Tamazunchale, Xicotepec, Coatepec y Tlapacoya.<\/p>\n","protected":false},"excerpt":{"rendered":"<p>Dar\u00edo Pale Xalapa, Ver.- Mar\u00eda Virginia Mu\u00f1oz D\u00edaz Mu\u00f1oz, Presidenta del Comit\u00e9 de Vecinos de la Obra 202 de la Colonia Inmecafe dio a conocer que las autoridades estatal y municipal de medio ambiente no les responden para poder retirar \u00e1rboles que afectan a personas con discapacidad. En conferencia de prensa dio a conocer que [&hellip;]<\/p>\n","protected":false},"author":2476,"featured_media":67770,"comment_status":"open","ping_status":"open","sticky":false,"template":"","format":"standard","meta":{"_jetpack_memberships_contains_paid_content":false,"footnotes":""},"categories":[3],"tags":[],"class_list":["post-67769","post","type-post","status-publish","format-standard","has-post-thumbnail","hentry","category-xalapa"],"jetpack_featured_media_url":"https:\/\/encuentroinformativo.com.mx\/wp-content\/uploads\/2025\/05\/IMG-20250529-WA02141.jpg","jetpack_sharing_enabled":true,"jetpack_likes_enabled":true,"amp_enabled":true,"_links":{"self":[{"href":"https:\/\/encuentroinformativo.com.mx\/index.php?rest_route=\/wp\/v2\/posts\/67769","targetHints":{"allow":["GET"]}}],"collection":[{"href":"https:\/\/encuentroinformativo.com.mx\/index.php?rest_route=\/wp\/v2\/posts"}],"about":[{"href":"https:\/\/encuentroinformativo.com.mx\/index.php?rest_route=\/wp\/v2\/types\/post"}],"author":[{"embeddable":true,"href":"https:\/\/encuentroinformativo.com.mx\/index.php?rest_route=\/wp\/v2\/users\/2476"}],"replies":[{"embeddable":true,"href":"https:\/\/encuentroinformativo.com.mx\/index.php?rest_route=%2Fwp%2Fv2%2Fcomments&post=67769"}],"version-history":[{"count":1,"href":"https:\/\/encuentroinformativo.com.mx\/index.php?rest_route=\/wp\/v2\/posts\/67769\/revisions"}],"predecessor-version":[{"id":67771,"href":"https:\/\/encuentroinformativo.com.mx\/index.php?rest_route=\/wp\/v2\/posts\/67769\/revisions\/67771"}],"wp:featuredmedia":[{"embeddable":true,"href":"https:\/\/encuentroinformativo.com.mx\/index.php?rest_route=\/wp\/v2\/media\/67770"}],"wp:attachment":[{"href":"https:\/\/encuentroinformativo.com.mx\/index.php?rest_route=%2Fwp%2Fv2%2Fmedia&parent=67769"}],"wp:term":[{"taxonomy":"category","embeddable":true,"href":"https:\/\/encuentroinformativo.com.mx\/index.php?rest_route=%2Fwp%2Fv2%2Fcategories&post=67769"},{"taxonomy":"post_tag","embeddable":true,"href":"https:\/\/encuentroinformativo.com.mx\/index.php?rest_route=%2Fwp%2Fv2%2Ftags&post=67769"}],"curies":[{"name":"wp","href":"https:\/\/api.w.org\/{rel}","templated":true}]}}