{"id":67783,"date":"2025-05-30T13:13:37","date_gmt":"2025-05-30T19:13:37","guid":{"rendered":"https:\/\/encuentroinformativo.com.mx\/?p=67783"},"modified":"2025-05-30T13:13:37","modified_gmt":"2025-05-30T19:13:37","slug":"piden-colectivos-participar-en-eleccion-de-titular-de-comision-de-busqueda","status":"publish","type":"post","link":"https:\/\/encuentroinformativo.com.mx\/?p=67783","title":{"rendered":"Piden colectivos participar en elecci\u00f3n de titular de Comisi\u00f3n de B\u00fasqueda"},"content":{"rendered":"<p><strong>Dar\u00edo Pale<\/strong><\/p>\n<p>Xalapa, Ver.- Integrantes de diferentes colectivos de b\u00fasqueda se\u00f1alaron que no son tomados en cuenta para la elecci\u00f3n del nuevo titular de la Comisi\u00f3n Estatal de B\u00fasqueda (CEB), y consideran que el nombramiento de la persona titular debe ir acompa\u00f1ado de una estrategia de fortalecimiento de la Comisi\u00f3n Estatal de B\u00fasqueda.<\/p>\n<p>En conferencia de prensa Noem\u00ed Mart\u00ednez Martogo, del colectivo Ayuda a Regresar de Luis Alberto Callejas de Costa Rica Veracruz; Fabiola Pensado Barrera, coordinadora del colectivo de Familiares en B\u00fasqueda, Xalapa, busco a mi hijo Argenis Yosimar Pensado Barrera desde el 16 de marzo de 2014, que fue desaparecido aqu\u00ed en Xalapa, colectivo Rastros de Amor Veracruz y busco a Tom\u00e1s Elvira desaparecido el 27 de junio del 2020, Daniel\u00edn Hern\u00e1ndez Trujillo, Mireya Rodr\u00edguez Carrasco, colectivo Familias en B\u00fasqueda hasta Encontrarles de Coatzacoalcos, Veracruz, Busca a su hijo David Rangel Rodr\u00edguez, \u00e9l desapareci\u00f3 el 3 de diciembre del 2015 en Coatzacoalcos, Veracruz.<\/p>\n<p>Dieron a conocer que la participaci\u00f3n de las familias es esencial en este proceso de designaci\u00f3n en el Estado de Veracruz, es necesaria una estrategia efectiva de Estado para enfrentar las desapariciones y la crisis forense, colectivos de familiares de personas desaparecidas y familias buscadoras de todo el Estado de Veracruz, se han dado a la tarea de incidir de diversas formas en el proceso de designaci\u00f3n de la nueva persona titular de la Comisi\u00f3n Estatal de B\u00fasqueda para el Estado de Veracruz.<\/p>\n<p>\u201cVemos con profunda preocupaci\u00f3n que no se prioriz\u00f3 desde un primer momento la participaci\u00f3n de las familias en el procedimiento, con pesar, estamos experimentando un proceso de designaci\u00f3n con tiempos precipitados y falta de informaci\u00f3n y transparencia de manera puntual y oportuna en el proceso, contrario a lo que establece la normativa vigente, se\u00f1al\u00f3.<\/p>\n<p>\u201cEsta situaci\u00f3n impact\u00f3 en garantizar una participaci\u00f3n efectiva, si bien nosotras hemos volcado nuestra vida a la b\u00fasqueda, que se nos convocara una noche antes a las comparecencias, nos habla de una falta de planeaci\u00f3n y percepci\u00f3n sobre lo que significa para muchas de nosotras organizarnos para cubrir las m\u00faltiples actividades que implica la b\u00fasqueda, como tambi\u00e9n resolver las necesidades de nuestras familias\u201d, agregaron.<\/p>\n<p>Informaron que el proceso que inici\u00f3 a finales de marzo gener\u00f3 una expectativa amplia entre los colectivos, dado que ha sido una exigencia de las familias desde hace a\u00f1os y es un compromiso de la Gobernadora del Estado de Veracruz en reuni\u00f3n con los colectivos y familiares de personas desaparecidas el 9 de diciembre del 2024.<\/p>\n<p>Por lo anterior est\u00e1n apelando a la disposici\u00f3n para seguir construyendo una coordinaci\u00f3n estrecha y cercana con ellos, el di\u00e1logo debe ser la estrategia principal de acci\u00f3n de un gobierno con sentido com\u00fan, pero sobre todo que haga eco en las acciones y toma de decisiones.<\/p>\n<p>Se\u00f1alaron que no se trata de que solo los reciban si no que se garanticen sus derechos a la participaci\u00f3n conjunta por ello, es necesaria una rigurosidad, y transparencia en esta designaci\u00f3n, todo con base en los aspectos que se han fijado como criterios de evaluaci\u00f3n.<\/p>\n<p>\u201cEs necesario que esta persona cuente con lo que establece la ley, tambi\u00e9n la capacidad de dirigir la instituci\u00f3n, coordinar el equipo y gestionar la coordinaci\u00f3n interinstitucional, y capacidad para hacer frente a las instituciones en caso de que \u00e9stas omitan sus responsabilidades\u201d, acus\u00f3.<\/p>\n<p>Por lo que consideran que el nombramiento de la persona titular debe ir acompa\u00f1ado de una estrategia de fortalecimiento de la Comisi\u00f3n Estatal de B\u00fasqueda y garantizando la importancia de contar con el personal id\u00f3neo para esa instituci\u00f3n y en su caso se mantenga y se consolide el personal ya capacitado.<\/p>\n<p>\u201cEs fundamental que la persona que sea designada como comisionada cuente con el mayor puntaje posible, resultado de una evaluaci\u00f3n rigurosa, transparente y basada en m\u00e9ritos,<br \/>\nya que esto garantiza un perfil con la preparaci\u00f3n, sensibilidad y compromiso necesarios para asumir una responsabilidad de alta exigencia \u00e9tica y t\u00e9cnica\u201d, se\u00f1alaron.<\/p>\n<p>Dieron a conocer que es indispensable que dicha persona mantenga una apertura constante al di\u00e1logo con las familias, colectivos y organizaciones, pues solo desde la escucha y la construcci\u00f3n colectiva es posible avanzar en la b\u00fasqueda de personas desaparecidas.<\/p>\n<p>Anhelan que la gobernadora y secretar\u00edas de gobierno trabajen de la mano con las instituciones pertinentes y con las familias para establecer una estrategia de Estado para abordar las desapariciones y crisis forenses con toda la dedicaci\u00f3n y eficacia posible, ya que a pesar de los pasos importantes que Veracruz ha dado y los a\u00f1os que pasan, la situaci\u00f3n de desapariciones sigue siendo cr\u00edtica.<\/p>\n<p>Insistieron en que es necesario un di\u00e1logo continuo y de alto nivel con las familias, con acuerdos y avances sobre un camino estrat\u00e9gico, este nuevo gobierno ha sostenido p\u00fablicamente que las mujeres han llegado a espacios de toma de decisiones, un discurso de inclusi\u00f3n y solidaridad, en ese mismo sentido, las madres y familias buscadoras tambi\u00e9n quieren ser parte de esa llegada, con el \u00fanico y leg\u00edtimo anhelo de encontrar a sus hijas, hijos y familiares desaparecidos.<\/p>\n<p>Son aproximadamente 40 colectivos los que firman el pronunciamiento y algunos otros que les comentaron que se sumar\u00edan algunos de los que los estan apoyando son:<\/p>\n<p>Buscando con amor y lucha por ustedes de Veracruz, Buscando a nuestros desaparecidos y desaparecidos de Veracruz, Buscando a nuestros desaparecidos y desaparecidas Veracruz, Buscando tus huellas Coatzacoalcos, Caminando hasta encontrarte, Colectivo Ayuda a regresar a Luis Alberto Callejas, Poza Rica, Colectivo Buscando Corazones Perdidos de Xalapa, Buscando nos encontramos en C\u00f3rdoba, Colectivo Corazones Ausentes, Colectivo Corazones Destrozados, Colectivo Destello del Amor por nuestros desaparecidos, Colectivo Luz, Fuerza y Lucha por nuestros desaparecidos, Colectivo Fe, Fuerza y Esperanza Nogales, Familiares en B\u00fasqueda de Nuestros Desaparecidos, Poza Rica,<br \/>\ncolectivo Guerreras en B\u00fasqueda Veracruz, Justos hasta encontrarlos AC, La Esperanza del Reencuentro, colectivo Mujeres en B\u00fasqueda Nogales, Red de Madres Buscadoras, Todos Somos la Voz de los Desaparecidos, colectivo Familiares en B\u00fasqueda Xalapa, Velia Aurora Garc\u00eda Cruz.<\/p>\n<p><img loading=\"lazy\" decoding=\"async\" class=\"aligncenter size-medium wp-image-67785\" src=\"https:\/\/encuentroinformativo.com.mx\/wp-content\/uploads\/2025\/05\/IMG-20250530-WA0087-300x225.jpg\" alt=\"\" width=\"300\" height=\"225\" srcset=\"https:\/\/encuentroinformativo.com.mx\/wp-content\/uploads\/2025\/05\/IMG-20250530-WA0087-300x225.jpg 300w, https:\/\/encuentroinformativo.com.mx\/wp-content\/uploads\/2025\/05\/IMG-20250530-WA0087-1024x768.jpg 1024w, https:\/\/encuentroinformativo.com.mx\/wp-content\/uploads\/2025\/05\/IMG-20250530-WA0087-768x576.jpg 768w, https:\/\/encuentroinformativo.com.mx\/wp-content\/uploads\/2025\/05\/IMG-20250530-WA0087-1536x1152.jpg 1536w, https:\/\/encuentroinformativo.com.mx\/wp-content\/uploads\/2025\/05\/IMG-20250530-WA0087.jpg 1600w\" sizes=\"auto, (max-width: 300px) 100vw, 300px\" \/><\/p>\n","protected":false},"excerpt":{"rendered":"<p>Dar\u00edo Pale Xalapa, Ver.- Integrantes de diferentes colectivos de b\u00fasqueda se\u00f1alaron que no son tomados en cuenta para la elecci\u00f3n del nuevo titular de la Comisi\u00f3n Estatal de B\u00fasqueda (CEB), y consideran que el nombramiento de la persona titular debe ir acompa\u00f1ado de una estrategia de fortalecimiento de la Comisi\u00f3n Estatal de B\u00fasqueda. En conferencia [&hellip;]<\/p>\n","protected":false},"author":2476,"featured_media":67784,"comment_status":"open","ping_status":"open","sticky":false,"template":"","format":"standard","meta":{"_jetpack_memberships_contains_paid_content":false,"footnotes":""},"categories":[2],"tags":[],"class_list":["post-67783","post","type-post","status-publish","format-standard","has-post-thumbnail","hentry","category-estado"],"jetpack_featured_media_url":"https:\/\/encuentroinformativo.com.mx\/wp-content\/uploads\/2025\/05\/IMG-20250530-WA0086.jpg","jetpack_sharing_enabled":true,"jetpack_likes_enabled":true,"amp_enabled":true,"_links":{"self":[{"href":"https:\/\/encuentroinformativo.com.mx\/index.php?rest_route=\/wp\/v2\/posts\/67783","targetHints":{"allow":["GET"]}}],"collection":[{"href":"https:\/\/encuentroinformativo.com.mx\/index.php?rest_route=\/wp\/v2\/posts"}],"about":[{"href":"https:\/\/encuentroinformativo.com.mx\/index.php?rest_route=\/wp\/v2\/types\/post"}],"author":[{"embeddable":true,"href":"https:\/\/encuentroinformativo.com.mx\/index.php?rest_route=\/wp\/v2\/users\/2476"}],"replies":[{"embeddable":true,"href":"https:\/\/encuentroinformativo.com.mx\/index.php?rest_route=%2Fwp%2Fv2%2Fcomments&post=67783"}],"version-history":[{"count":1,"href":"https:\/\/encuentroinformativo.com.mx\/index.php?rest_route=\/wp\/v2\/posts\/67783\/revisions"}],"predecessor-version":[{"id":67786,"href":"https:\/\/encuentroinformativo.com.mx\/index.php?rest_route=\/wp\/v2\/posts\/67783\/revisions\/67786"}],"wp:featuredmedia":[{"embeddable":true,"href":"https:\/\/encuentroinformativo.com.mx\/index.php?rest_route=\/wp\/v2\/media\/67784"}],"wp:attachment":[{"href":"https:\/\/encuentroinformativo.com.mx\/index.php?rest_route=%2Fwp%2Fv2%2Fmedia&parent=67783"}],"wp:term":[{"taxonomy":"category","embeddable":true,"href":"https:\/\/encuentroinformativo.com.mx\/index.php?rest_route=%2Fwp%2Fv2%2Fcategories&post=67783"},{"taxonomy":"post_tag","embeddable":true,"href":"https:\/\/encuentroinformativo.com.mx\/index.php?rest_route=%2Fwp%2Fv2%2Ftags&post=67783"}],"curies":[{"name":"wp","href":"https:\/\/api.w.org\/{rel}","templated":true}]}}