{"id":67787,"date":"2025-05-30T13:20:29","date_gmt":"2025-05-30T19:20:29","guid":{"rendered":"https:\/\/encuentroinformativo.com.mx\/?p=67787"},"modified":"2025-05-30T13:20:29","modified_gmt":"2025-05-30T19:20:29","slug":"con-bloqueo-reclaman-regularizacion-de-plazas-en-centro-educativo","status":"publish","type":"post","link":"https:\/\/encuentroinformativo.com.mx\/?p=67787","title":{"rendered":"Con bloqueo, reclaman regularizaci\u00f3n de plazas en centro educativo"},"content":{"rendered":"<p><strong>Dar\u00edo Pale<\/strong><\/p>\n<p>Xalapa, Ver.- Padres de familia y docentes del Centro Educativo Las Maravillas se manifestaron frente a la SEV bloqueando un sentido de la avenida L\u00e1zaro C\u00e1rdenas para solicitar un di\u00e1logo con el oficial mayor Jos\u00e9 Ramon Cardona, para solicitar la regularizaci\u00f3n de las plazas y recursos para la administraci\u00f3n del plantel.<\/p>\n<p>Entrevistada durante la manifestaci\u00f3n Claudia Reyes Contreras, directora y coordinadora del Centro Educativo Las Maravillas dio a conocer que est\u00e1n solicitando la regularizaci\u00f3n de las plazas de los maestros y recursos para administrativos, as\u00ed como de intendencia.<\/p>\n<p>Se\u00f1al\u00f3 que desde su fundaci\u00f3n que tiene aproximadamente 15 a\u00f1os no han tenido el apoyo de la SEV los pagos los han realizado los padres de familia, por lo que est\u00e1n requiriendo los apoye regularizando las plazas de los docentes y que contratando intendentes y personal administrativo.<\/p>\n<p>\u201cEstamos requiriendo para el nivel de preescolar, de primaria y de secundaria, el reclamo es que requerimos la contrataci\u00f3n de intendentes y de administrativos, son tres intendentes y tres administrativos, hemos estado viniendo desde el mes de abril y no hemos tenido una atenci\u00f3n, se ha solicitado mediante diferentes oficios y es la hora que no nos han atendido\u201d, se\u00f1al\u00f3.<\/p>\n<p>Con lo anterior se ver\u00edan beneficiados muchos ni\u00f1os, \u201clos beneficiados son alumnos, ni\u00f1os, ni\u00f1as y j\u00f3venes de los tres niveles educativos, J\u00f3venes de los tres niveles educativos, que oscila entre los 180 alumnos aproximadamente, el plante se encuentra ubicado atr\u00e1s del fraccionamiento Las Fuentes\u201d.<\/p>\n<p>Finalmente se\u00f1alaron que han solicitado la atenci\u00f3n a la oficial\u00eda mayor y nos dicen que est\u00e1n ocupados, ni siquiera el secretario particular del oficial se ha dignado en atenderlo, por lo que, hoy optaron por cerrar, y van a continuar hasta que los atiendan, de o tener respuesta tomaran otras acciones.<\/p>\n<p><img loading=\"lazy\" decoding=\"async\" class=\"aligncenter size-medium wp-image-67789\" src=\"https:\/\/encuentroinformativo.com.mx\/wp-content\/uploads\/2025\/05\/IMG-20250530-WA0105-300x225.jpg\" alt=\"\" width=\"300\" height=\"225\" srcset=\"https:\/\/encuentroinformativo.com.mx\/wp-content\/uploads\/2025\/05\/IMG-20250530-WA0105-300x225.jpg 300w, https:\/\/encuentroinformativo.com.mx\/wp-content\/uploads\/2025\/05\/IMG-20250530-WA0105-1024x768.jpg 1024w, https:\/\/encuentroinformativo.com.mx\/wp-content\/uploads\/2025\/05\/IMG-20250530-WA0105-768x576.jpg 768w, https:\/\/encuentroinformativo.com.mx\/wp-content\/uploads\/2025\/05\/IMG-20250530-WA0105-1536x1152.jpg 1536w, https:\/\/encuentroinformativo.com.mx\/wp-content\/uploads\/2025\/05\/IMG-20250530-WA0105.jpg 1600w\" sizes=\"auto, (max-width: 300px) 100vw, 300px\" \/><\/p>\n","protected":false},"excerpt":{"rendered":"<p>Dar\u00edo Pale Xalapa, Ver.- Padres de familia y docentes del Centro Educativo Las Maravillas se manifestaron frente a la SEV bloqueando un sentido de la avenida L\u00e1zaro C\u00e1rdenas para solicitar un di\u00e1logo con el oficial mayor Jos\u00e9 Ramon Cardona, para solicitar la regularizaci\u00f3n de las plazas y recursos para la administraci\u00f3n del plantel. Entrevistada durante [&hellip;]<\/p>\n","protected":false},"author":2476,"featured_media":67788,"comment_status":"open","ping_status":"open","sticky":false,"template":"","format":"standard","meta":{"_jetpack_memberships_contains_paid_content":false,"footnotes":""},"categories":[3],"tags":[],"class_list":["post-67787","post","type-post","status-publish","format-standard","has-post-thumbnail","hentry","category-xalapa"],"jetpack_featured_media_url":"https:\/\/encuentroinformativo.com.mx\/wp-content\/uploads\/2025\/05\/IMG-20250530-WA0104.jpg","jetpack_sharing_enabled":true,"jetpack_likes_enabled":true,"amp_enabled":true,"_links":{"self":[{"href":"https:\/\/encuentroinformativo.com.mx\/index.php?rest_route=\/wp\/v2\/posts\/67787","targetHints":{"allow":["GET"]}}],"collection":[{"href":"https:\/\/encuentroinformativo.com.mx\/index.php?rest_route=\/wp\/v2\/posts"}],"about":[{"href":"https:\/\/encuentroinformativo.com.mx\/index.php?rest_route=\/wp\/v2\/types\/post"}],"author":[{"embeddable":true,"href":"https:\/\/encuentroinformativo.com.mx\/index.php?rest_route=\/wp\/v2\/users\/2476"}],"replies":[{"embeddable":true,"href":"https:\/\/encuentroinformativo.com.mx\/index.php?rest_route=%2Fwp%2Fv2%2Fcomments&post=67787"}],"version-history":[{"count":1,"href":"https:\/\/encuentroinformativo.com.mx\/index.php?rest_route=\/wp\/v2\/posts\/67787\/revisions"}],"predecessor-version":[{"id":67790,"href":"https:\/\/encuentroinformativo.com.mx\/index.php?rest_route=\/wp\/v2\/posts\/67787\/revisions\/67790"}],"wp:featuredmedia":[{"embeddable":true,"href":"https:\/\/encuentroinformativo.com.mx\/index.php?rest_route=\/wp\/v2\/media\/67788"}],"wp:attachment":[{"href":"https:\/\/encuentroinformativo.com.mx\/index.php?rest_route=%2Fwp%2Fv2%2Fmedia&parent=67787"}],"wp:term":[{"taxonomy":"category","embeddable":true,"href":"https:\/\/encuentroinformativo.com.mx\/index.php?rest_route=%2Fwp%2Fv2%2Fcategories&post=67787"},{"taxonomy":"post_tag","embeddable":true,"href":"https:\/\/encuentroinformativo.com.mx\/index.php?rest_route=%2Fwp%2Fv2%2Ftags&post=67787"}],"curies":[{"name":"wp","href":"https:\/\/api.w.org\/{rel}","templated":true}]}}