{"id":6779,"date":"2020-10-11T12:43:39","date_gmt":"2020-10-11T17:43:39","guid":{"rendered":"https:\/\/encuentroinformativo.com.mx\/?p=6779"},"modified":"2020-10-11T12:43:42","modified_gmt":"2020-10-11T17:43:42","slug":"en-alvarado-acusan-actos-arbitrarios-en-operativos-de-fuerza-civil","status":"publish","type":"post","link":"https:\/\/encuentroinformativo.com.mx\/?p=6779","title":{"rendered":"En Alvarado, acusan actos arbitrarios en operativos de Fuerza Civil"},"content":{"rendered":"\n<p><strong>Alejandro \u00c1vila<\/strong><\/p>\n\n\n\n<p>Alvarado, Ver.- La noche de este s\u00e1bado se desat\u00f3 una revuelta en la comandancia de polic\u00eda de Alvarado Veracruz, misma que se encuentra a la entrada de la cabecera municipal cerca del ADO; en dicho lugar, decenas de familiares se aglomeraron y solicitaban la liberaci\u00f3n de varios j\u00f3venes que fueron detenidos arbitrariamente.<\/p>\n\n\n\n<p>Fue durante la tarde del s\u00e1bado cuando el usuario de Facebook, Abel Toty, denunci\u00f3 en su publicaci\u00f3n (la cual hizo acompa\u00f1ar de un video y fotograf\u00edas) la detenci\u00f3n de dos j\u00f3venes en la esquina de una calle, donde tambi\u00e9n retuvieron una motocicleta y una hielera.<\/p>\n\n\n\n<p>A trav\u00e9s de mensajes de Whats App, los ciudadanos de Alvarado informaron que el operativo era fuerte y estaban deteniendo a decenas de j\u00f3venes y sus motocicletas, situaci\u00f3n que alarm\u00f3 al pueblo, los cuales se prepararon para una revuelta si esto segu\u00eda.<\/p>\n\n\n\n<p>\u201cAs\u00ed no FALLO PITAL\u00daA, AS\u00cf NO!!, as\u00ed quieres ayudar a tu pueblo ech\u00e1ndole toda la caballada de pela changos, amedrent\u00e1ndolos y deteni\u00e9ndolos, mientras t\u00fa est\u00e1s con la RATA MAYOR EN SU PESEBRE, tomando y comiendo?, as\u00ed NO, usa la fuerza para detener a los malos, que sabes quienes son y donde est\u00e1n, en otros municipios s\u00ed das golpe contra ellos, extra\u00f1amente aqu\u00ed nada, PERO SI VAS CONTRA EL PUEBLO, AS\u00cd NO!!!\u201d, se lee en el mensaje reenviado.<\/p>\n\n\n\n<p>Fall\u00f3 Pital\u00faa, es como se le conoce a Rafael Delgado Uscanga, director de la Fuerza Civil en la zona y quien est\u00e1 al mando de la polic\u00eda estatal y municipal de Alvarado.<\/p>\n\n\n\n<p>Fue cerca de las 8 de la noche, cuando los ciudadanos no aguantaron m\u00e1s y acudieron a la Comandancia de Polic\u00eda, donde en\u00e9rgicamente solicitaron la liberaci\u00f3n de casi varios detenidos, mismo que por la presi\u00f3n social lograron ser liberados, no sin antes pagar una multa de mil pesos cada uno, por presuntas faltas administrativas.<\/p>\n\n\n\n<p>Cabe se\u00f1alar que este s\u00e1bado 10 de octubre deb\u00eda realizarse el tradicional desfile del Encierro del Burro, actividad que se realiza en el marco de los festejos a la Virgen del Rosario, pero esta fue cancelada por el Ayuntamiento de Alvarado debido a la pandemia por COVID-19.<\/p>\n\n\n\n<figure class=\"wp-block-image size-large\"><img loading=\"lazy\" decoding=\"async\" width=\"1024\" height=\"768\" src=\"https:\/\/encuentroinformativo.com.mx\/wp-content\/uploads\/2020\/10\/4F508D54-789F-4550-B7EE-22B84A3551AF-1024x768.jpeg\" alt=\"\" class=\"wp-image-6781\" srcset=\"https:\/\/encuentroinformativo.com.mx\/wp-content\/uploads\/2020\/10\/4F508D54-789F-4550-B7EE-22B84A3551AF-1024x768.jpeg 1024w, https:\/\/encuentroinformativo.com.mx\/wp-content\/uploads\/2020\/10\/4F508D54-789F-4550-B7EE-22B84A3551AF-300x225.jpeg 300w, https:\/\/encuentroinformativo.com.mx\/wp-content\/uploads\/2020\/10\/4F508D54-789F-4550-B7EE-22B84A3551AF-768x576.jpeg 768w, https:\/\/encuentroinformativo.com.mx\/wp-content\/uploads\/2020\/10\/4F508D54-789F-4550-B7EE-22B84A3551AF.jpeg 1040w\" sizes=\"auto, (max-width: 1024px) 100vw, 1024px\" \/><\/figure>\n","protected":false},"excerpt":{"rendered":"<p>Alejandro \u00c1vila Alvarado, Ver.- La noche de este s\u00e1bado se desat\u00f3 una revuelta en la comandancia de polic\u00eda de Alvarado Veracruz, misma que se encuentra a la entrada de la cabecera municipal cerca del ADO; en dicho lugar, decenas de familiares se aglomeraron y solicitaban la liberaci\u00f3n de varios j\u00f3venes que fueron detenidos arbitrariamente. Fue [&hellip;]<\/p>\n","protected":false},"author":1,"featured_media":6780,"comment_status":"open","ping_status":"open","sticky":false,"template":"","format":"standard","meta":{"_jetpack_memberships_contains_paid_content":false,"footnotes":""},"categories":[2],"tags":[],"class_list":["post-6779","post","type-post","status-publish","format-standard","has-post-thumbnail","hentry","category-estado"],"jetpack_featured_media_url":"https:\/\/encuentroinformativo.com.mx\/wp-content\/uploads\/2020\/10\/8A855F8F-53B0-4472-BC9B-3C6013F4AE6D.jpeg","jetpack_sharing_enabled":true,"jetpack_likes_enabled":true,"amp_enabled":true,"_links":{"self":[{"href":"https:\/\/encuentroinformativo.com.mx\/index.php?rest_route=\/wp\/v2\/posts\/6779","targetHints":{"allow":["GET"]}}],"collection":[{"href":"https:\/\/encuentroinformativo.com.mx\/index.php?rest_route=\/wp\/v2\/posts"}],"about":[{"href":"https:\/\/encuentroinformativo.com.mx\/index.php?rest_route=\/wp\/v2\/types\/post"}],"author":[{"embeddable":true,"href":"https:\/\/encuentroinformativo.com.mx\/index.php?rest_route=\/wp\/v2\/users\/1"}],"replies":[{"embeddable":true,"href":"https:\/\/encuentroinformativo.com.mx\/index.php?rest_route=%2Fwp%2Fv2%2Fcomments&post=6779"}],"version-history":[{"count":1,"href":"https:\/\/encuentroinformativo.com.mx\/index.php?rest_route=\/wp\/v2\/posts\/6779\/revisions"}],"predecessor-version":[{"id":6782,"href":"https:\/\/encuentroinformativo.com.mx\/index.php?rest_route=\/wp\/v2\/posts\/6779\/revisions\/6782"}],"wp:featuredmedia":[{"embeddable":true,"href":"https:\/\/encuentroinformativo.com.mx\/index.php?rest_route=\/wp\/v2\/media\/6780"}],"wp:attachment":[{"href":"https:\/\/encuentroinformativo.com.mx\/index.php?rest_route=%2Fwp%2Fv2%2Fmedia&parent=6779"}],"wp:term":[{"taxonomy":"category","embeddable":true,"href":"https:\/\/encuentroinformativo.com.mx\/index.php?rest_route=%2Fwp%2Fv2%2Fcategories&post=6779"},{"taxonomy":"post_tag","embeddable":true,"href":"https:\/\/encuentroinformativo.com.mx\/index.php?rest_route=%2Fwp%2Fv2%2Ftags&post=6779"}],"curies":[{"name":"wp","href":"https:\/\/api.w.org\/{rel}","templated":true}]}}