{"id":67791,"date":"2025-05-30T13:33:05","date_gmt":"2025-05-30T19:33:05","guid":{"rendered":"https:\/\/encuentroinformativo.com.mx\/?p=67791"},"modified":"2025-05-30T13:34:37","modified_gmt":"2025-05-30T19:34:37","slug":"buscara-martin-aguilar-reeleccion-frente-a-la-uv","status":"publish","type":"post","link":"https:\/\/encuentroinformativo.com.mx\/?p=67791","title":{"rendered":"Buscar\u00e1 Martin Aguilar reelecci\u00f3n frente a la UV"},"content":{"rendered":"<p><strong>Dar\u00edo Pale<\/strong><\/p>\n<p>Xalapa, Ver.- Se revela el rector de la Universidad Veracruzana Mart\u00edn Aguilar Sanchez dice que va por otro mandato al frente de la m\u00e1xima casa de estudios, esto a pesar de rebasar la edad para poder contender para dicho cargo.<\/p>\n<p>En entrevista el rector de la UV, adelant\u00f3 que solicit\u00f3 a la Junta de Gobierno una pr\u00f3rroga para continuar al frente de la m\u00e1xima casa de estudios por un segundo periodo consecutivo del 1 de septiembre del 2025 al 31 de agosto del 2029.<\/p>\n<p>\u201cPara seguir trabajando a favor de la Universidad Veracruzana, ayer solicit\u00e9 a la Junta de Gobierno de esta M\u00e1xima Casa de Estudios que se me conceda una pr\u00f3rroga de mi designaci\u00f3n como rector por un periodo m\u00e1s\u201d.<\/p>\n<p>Dej\u00f3 en claro que sus aspiraciones son legales y leg\u00edtimas, explic\u00f3 que la pr\u00f3rroga para ir por un segundo periodo se fundamenta en los art\u00edculos 4, fracci\u00f3n I, y 10 de la Ley de Autonom\u00eda de la UV; el art\u00edculo 36 de la Ley Org\u00e1nica, y el art\u00edculo 25 del Estatuto General.<\/p>\n<p>La pr\u00f3rroga permitir\u00e1 dar continuidad a los proyectos y programas iniciados durante su gesti\u00f3n, \u201ccuatro a\u00f1os m\u00e1s al frente de la Rector\u00eda me permitir\u00e1n terminar los proyectos que he iniciado, algunos de los cuales a\u00fan est\u00e1n en proceso de consolidaci\u00f3n, e incluir otros m\u00e1s&#8221;.<\/p>\n<p>Presumi\u00f3 que su intenci\u00f3n de buscar un segundo periodo es beneficiar a la comunidad universitaria.<\/p>\n<p>En otro tema, el rector inform\u00f3 que ya concluyeron todos los procesos de examen de ingreso a la casa de estudios; tanto presenciales como en l\u00ednea.<\/p>\n<p>Finalmente se\u00f1al\u00f3 que m\u00e1s de 21 mil estudiantes ser\u00e1n aceptados en el siguiente ciclo escolar de la UV, son 1800 lugares m\u00e1s que otros a\u00f1os.<\/p>\n","protected":false},"excerpt":{"rendered":"<p>Dar\u00edo Pale Xalapa, Ver.- Se revela el rector de la Universidad Veracruzana Mart\u00edn Aguilar Sanchez dice que va por otro mandato al frente de la m\u00e1xima casa de estudios, esto a pesar de rebasar la edad para poder contender para dicho cargo. En entrevista el rector de la UV, adelant\u00f3 que solicit\u00f3 a la Junta [&hellip;]<\/p>\n","protected":false},"author":2476,"featured_media":67793,"comment_status":"open","ping_status":"open","sticky":false,"template":"","format":"standard","meta":{"_jetpack_memberships_contains_paid_content":false,"footnotes":""},"categories":[2],"tags":[],"class_list":["post-67791","post","type-post","status-publish","format-standard","has-post-thumbnail","hentry","category-estado"],"jetpack_featured_media_url":"https:\/\/encuentroinformativo.com.mx\/wp-content\/uploads\/2025\/05\/IMG-20250530-WA01412.jpg","jetpack_sharing_enabled":true,"jetpack_likes_enabled":true,"amp_enabled":true,"_links":{"self":[{"href":"https:\/\/encuentroinformativo.com.mx\/index.php?rest_route=\/wp\/v2\/posts\/67791","targetHints":{"allow":["GET"]}}],"collection":[{"href":"https:\/\/encuentroinformativo.com.mx\/index.php?rest_route=\/wp\/v2\/posts"}],"about":[{"href":"https:\/\/encuentroinformativo.com.mx\/index.php?rest_route=\/wp\/v2\/types\/post"}],"author":[{"embeddable":true,"href":"https:\/\/encuentroinformativo.com.mx\/index.php?rest_route=\/wp\/v2\/users\/2476"}],"replies":[{"embeddable":true,"href":"https:\/\/encuentroinformativo.com.mx\/index.php?rest_route=%2Fwp%2Fv2%2Fcomments&post=67791"}],"version-history":[{"count":2,"href":"https:\/\/encuentroinformativo.com.mx\/index.php?rest_route=\/wp\/v2\/posts\/67791\/revisions"}],"predecessor-version":[{"id":67795,"href":"https:\/\/encuentroinformativo.com.mx\/index.php?rest_route=\/wp\/v2\/posts\/67791\/revisions\/67795"}],"wp:featuredmedia":[{"embeddable":true,"href":"https:\/\/encuentroinformativo.com.mx\/index.php?rest_route=\/wp\/v2\/media\/67793"}],"wp:attachment":[{"href":"https:\/\/encuentroinformativo.com.mx\/index.php?rest_route=%2Fwp%2Fv2%2Fmedia&parent=67791"}],"wp:term":[{"taxonomy":"category","embeddable":true,"href":"https:\/\/encuentroinformativo.com.mx\/index.php?rest_route=%2Fwp%2Fv2%2Fcategories&post=67791"},{"taxonomy":"post_tag","embeddable":true,"href":"https:\/\/encuentroinformativo.com.mx\/index.php?rest_route=%2Fwp%2Fv2%2Ftags&post=67791"}],"curies":[{"name":"wp","href":"https:\/\/api.w.org\/{rel}","templated":true}]}}