{"id":67799,"date":"2025-05-30T13:47:35","date_gmt":"2025-05-30T19:47:35","guid":{"rendered":"https:\/\/encuentroinformativo.com.mx\/?p=67799"},"modified":"2025-05-30T13:47:35","modified_gmt":"2025-05-30T19:47:35","slug":"acatlan-foco-rojo-en-robo-de-ganado","status":"publish","type":"post","link":"https:\/\/encuentroinformativo.com.mx\/?p=67799","title":{"rendered":"Acatl\u00e1n &#8220;foco rojo&#8221; en robo de ganado"},"content":{"rendered":"<p><strong>Alejandro \u00c1vila<\/strong><\/p>\n<p>Acatl\u00e1n, Veracruz.- El municipio de Acatl\u00e1n se ha convertido en los \u00faltimos tres a\u00f1os en uno de los &#8220;focos rojos&#8221; en cuanto al robo de ganado.<\/p>\n<p>La frustraci\u00f3n e impotencia invade a los ganaderos y trabajadores del campo que ven como las autoridades han sido inoperantes en el combate al abigeato.<\/p>\n<p>\u201cEn la pasada administraci\u00f3n se notaba m\u00e1s seguridad, no era perfecta, claro, pero al menos se ve\u00eda m\u00e1s razonable que ahora\u201d, coment\u00f3 Don Goyo de 60 a\u00f1os.<\/p>\n<p>El se\u00f1or Gregorio relat\u00f3 que, recientemente le robaron varios animales y al intentar reportarlo se top\u00f3 con puertas cerradas. \u201cUno va con la persona indicada y no est\u00e1, va uno con el Comandante y tampoco&#8221;, dijo con tristeza.<\/p>\n<p>Para finalizar, Don Goyo mencion\u00f3 que muchos de los afectados ya se est\u00e1n reuniendo para realizar guardias nocturnas y enfrentar directamente a los infractores que pretenden hurtar sus cabezas de ganado y saquear su sembrad\u00edos.<\/p>\n","protected":false},"excerpt":{"rendered":"<p>Alejandro \u00c1vila Acatl\u00e1n, Veracruz.- El municipio de Acatl\u00e1n se ha convertido en los \u00faltimos tres a\u00f1os en uno de los &#8220;focos rojos&#8221; en cuanto al robo de ganado. La frustraci\u00f3n e impotencia invade a los ganaderos y trabajadores del campo que ven como las autoridades han sido inoperantes en el combate al abigeato. \u201cEn la [&hellip;]<\/p>\n","protected":false},"author":2476,"featured_media":4864,"comment_status":"open","ping_status":"open","sticky":false,"template":"","format":"standard","meta":{"_jetpack_memberships_contains_paid_content":false,"footnotes":""},"categories":[2],"tags":[],"class_list":["post-67799","post","type-post","status-publish","format-standard","has-post-thumbnail","hentry","category-estado"],"jetpack_featured_media_url":"https:\/\/encuentroinformativo.com.mx\/wp-content\/uploads\/2020\/08\/92284385-ADEA-4FBD-83C2-BB1A437B7110.jpeg","jetpack_sharing_enabled":true,"jetpack_likes_enabled":true,"amp_enabled":true,"_links":{"self":[{"href":"https:\/\/encuentroinformativo.com.mx\/index.php?rest_route=\/wp\/v2\/posts\/67799","targetHints":{"allow":["GET"]}}],"collection":[{"href":"https:\/\/encuentroinformativo.com.mx\/index.php?rest_route=\/wp\/v2\/posts"}],"about":[{"href":"https:\/\/encuentroinformativo.com.mx\/index.php?rest_route=\/wp\/v2\/types\/post"}],"author":[{"embeddable":true,"href":"https:\/\/encuentroinformativo.com.mx\/index.php?rest_route=\/wp\/v2\/users\/2476"}],"replies":[{"embeddable":true,"href":"https:\/\/encuentroinformativo.com.mx\/index.php?rest_route=%2Fwp%2Fv2%2Fcomments&post=67799"}],"version-history":[{"count":1,"href":"https:\/\/encuentroinformativo.com.mx\/index.php?rest_route=\/wp\/v2\/posts\/67799\/revisions"}],"predecessor-version":[{"id":67800,"href":"https:\/\/encuentroinformativo.com.mx\/index.php?rest_route=\/wp\/v2\/posts\/67799\/revisions\/67800"}],"wp:featuredmedia":[{"embeddable":true,"href":"https:\/\/encuentroinformativo.com.mx\/index.php?rest_route=\/wp\/v2\/media\/4864"}],"wp:attachment":[{"href":"https:\/\/encuentroinformativo.com.mx\/index.php?rest_route=%2Fwp%2Fv2%2Fmedia&parent=67799"}],"wp:term":[{"taxonomy":"category","embeddable":true,"href":"https:\/\/encuentroinformativo.com.mx\/index.php?rest_route=%2Fwp%2Fv2%2Fcategories&post=67799"},{"taxonomy":"post_tag","embeddable":true,"href":"https:\/\/encuentroinformativo.com.mx\/index.php?rest_route=%2Fwp%2Fv2%2Ftags&post=67799"}],"curies":[{"name":"wp","href":"https:\/\/api.w.org\/{rel}","templated":true}]}}