{"id":67805,"date":"2025-05-30T17:02:08","date_gmt":"2025-05-30T23:02:08","guid":{"rendered":"https:\/\/encuentroinformativo.com.mx\/?p=67805"},"modified":"2025-05-30T17:02:08","modified_gmt":"2025-05-30T23:02:08","slug":"en-vispera-de-votacion-luto-en-el-poder-judicial-senalan","status":"publish","type":"post","link":"https:\/\/encuentroinformativo.com.mx\/?p=67805","title":{"rendered":"En v\u00edspera de votaci\u00f3n; luto en el Poder Judicial, se\u00f1alan"},"content":{"rendered":"<p><strong>Dar\u00edo Pale<\/strong><\/p>\n<p>Xalapa, Ver.- Jos\u00e9 Manuel de Alba magistrado retirado por la nueva reforma se\u00f1al\u00f3 que, ya presentaron ante la Corte Interamericana la primera demanda contra el Estado mexicano y ya est\u00e1n iniciando el procedimiento ya que en M\u00e9xico se agotaron los recursos.<\/p>\n<p>Entrevistado despu\u00e9s de que colocaran una corona frente a las oficinas del Poder Judicial de la Federaci\u00f3n, coment\u00f3 que est\u00e1n haciendo denuncias por irregularidades, esperemos que, aqu\u00ed s\u00ed estemos un poco tardados, en unos cinco a\u00f1os, seis a\u00f1os, podamos tener una resoluci\u00f3n que va a ser favorable y de condena para el Estado mexicano\u201d.<\/p>\n<p>\u201cPorque hay precedentes en la Corte Interamericana, como en Ecuador, Nicaragua, recientemente es donde corrieron a sus magistrados y jueces, bueno, nada m\u00e1s, ellos fueron de la Corte Suprema, los corrieron y como no hab\u00eda causa justificada, no los tuvieron que regresar, lo que sucede es que m\u00ednimo los van a indemnizar, porque tambi\u00e9n es una cat\u00e1strofe aqu\u00ed, si estamos 5 o 6 a\u00f1os, m\u00e1s que bien, ya los que quedaron, los nuevos, entre comillas, pues van a tener ya cierta estabilidad y va a ser un relajo\u201d, coment\u00f3.<\/p>\n<p>Dijo que como m\u00ednimo esperan que se regrese al estado de derecho, adem\u00e1s de que se hubiera mantenido la excelencia con un examen.<\/p>\n<p>Agreg\u00f3 que, \u201c\u00bfQu\u00e9 va a pasar tambi\u00e9n cuando un magistrado se jubile ma\u00f1ana?, el d\u00eda dentro de la elecci\u00f3n de ma\u00f1ana, \u00bfY c\u00f3mo van a manejar su sustituci\u00f3n?, \u00bfVan a hacer otra elecci\u00f3n?, o sea, queda, se hizo todo al vapor\u201d.<\/p>\n<p>Finalmente se\u00f1al\u00f3 que hoy presentaron la denuncia y es en defensa de los derechos laborales de M\u00e9xico tambi\u00e9n, porque se defienden los derechos laborales de ello, pero al defenderse los derechos laborales de ellos tambi\u00e9n se defiende la independencia judicial y la independencia judicial es un derecho que tienen los gobernados la primera garant\u00eda que est\u00e1 en la constituci\u00f3n es la divisi\u00f3n de poderes y esa divisi\u00f3n de poderes se garantiza con la independencia judicial.<\/p>\n","protected":false},"excerpt":{"rendered":"<p>Dar\u00edo Pale Xalapa, Ver.- Jos\u00e9 Manuel de Alba magistrado retirado por la nueva reforma se\u00f1al\u00f3 que, ya presentaron ante la Corte Interamericana la primera demanda contra el Estado mexicano y ya est\u00e1n iniciando el procedimiento ya que en M\u00e9xico se agotaron los recursos. Entrevistado despu\u00e9s de que colocaran una corona frente a las oficinas del [&hellip;]<\/p>\n","protected":false},"author":2476,"featured_media":67806,"comment_status":"open","ping_status":"open","sticky":false,"template":"","format":"standard","meta":{"_jetpack_memberships_contains_paid_content":false,"footnotes":""},"categories":[3],"tags":[],"class_list":["post-67805","post","type-post","status-publish","format-standard","has-post-thumbnail","hentry","category-xalapa"],"jetpack_featured_media_url":"https:\/\/encuentroinformativo.com.mx\/wp-content\/uploads\/2025\/05\/IMG-20250530-WA0183.jpg","jetpack_sharing_enabled":true,"jetpack_likes_enabled":true,"amp_enabled":true,"_links":{"self":[{"href":"https:\/\/encuentroinformativo.com.mx\/index.php?rest_route=\/wp\/v2\/posts\/67805","targetHints":{"allow":["GET"]}}],"collection":[{"href":"https:\/\/encuentroinformativo.com.mx\/index.php?rest_route=\/wp\/v2\/posts"}],"about":[{"href":"https:\/\/encuentroinformativo.com.mx\/index.php?rest_route=\/wp\/v2\/types\/post"}],"author":[{"embeddable":true,"href":"https:\/\/encuentroinformativo.com.mx\/index.php?rest_route=\/wp\/v2\/users\/2476"}],"replies":[{"embeddable":true,"href":"https:\/\/encuentroinformativo.com.mx\/index.php?rest_route=%2Fwp%2Fv2%2Fcomments&post=67805"}],"version-history":[{"count":1,"href":"https:\/\/encuentroinformativo.com.mx\/index.php?rest_route=\/wp\/v2\/posts\/67805\/revisions"}],"predecessor-version":[{"id":67807,"href":"https:\/\/encuentroinformativo.com.mx\/index.php?rest_route=\/wp\/v2\/posts\/67805\/revisions\/67807"}],"wp:featuredmedia":[{"embeddable":true,"href":"https:\/\/encuentroinformativo.com.mx\/index.php?rest_route=\/wp\/v2\/media\/67806"}],"wp:attachment":[{"href":"https:\/\/encuentroinformativo.com.mx\/index.php?rest_route=%2Fwp%2Fv2%2Fmedia&parent=67805"}],"wp:term":[{"taxonomy":"category","embeddable":true,"href":"https:\/\/encuentroinformativo.com.mx\/index.php?rest_route=%2Fwp%2Fv2%2Fcategories&post=67805"},{"taxonomy":"post_tag","embeddable":true,"href":"https:\/\/encuentroinformativo.com.mx\/index.php?rest_route=%2Fwp%2Fv2%2Ftags&post=67805"}],"curies":[{"name":"wp","href":"https:\/\/api.w.org\/{rel}","templated":true}]}}