{"id":67811,"date":"2025-05-30T18:53:46","date_gmt":"2025-05-31T00:53:46","guid":{"rendered":"https:\/\/encuentroinformativo.com.mx\/?p=67811"},"modified":"2025-05-30T18:53:46","modified_gmt":"2025-05-31T00:53:46","slug":"acusan-a-cmas-de-violentar-derechos-laborales","status":"publish","type":"post","link":"https:\/\/encuentroinformativo.com.mx\/?p=67811","title":{"rendered":"Acusan a CMAS de violentar derechos laborales"},"content":{"rendered":"<p><strong>Redacci\u00f3n <\/strong><\/p>\n<p>Xalapa, Ver.- La Direcci\u00f3n\u00a0 de Recursos Humanos de la Comisi\u00f3n Municipal de Agua y Saneamiento (CMAS) de Xalapa estar\u00eda incurriendo en violaciones a los derechos laborales de 274 trabajadores afiliados al Sindicato de Empleados y Trabajadores de la Comisi\u00f3n Municipal de Agua Potable y Saneamiento de Xalapa, C.T.M, denunci\u00f3 su secretario general, Carlos Hern\u00e1ndez Rodr\u00edguez.<\/p>\n<p>Por lo anterior trabajadores se manifiestan afuera de CMAS, no obstante de no contar con respuesta favorable estar\u00edan en\u00a0 un posible emplazamiento a huelga, el l\u00edder sindical lament\u00f3 la falta de respuesta por parte de la directora de Recursos Humanos Mar\u00eda Cristina Reyes, quien se ha negado a reconocerlos como organizaci\u00f3n sindical bajo el argumento de que no cuentan con la toma de nota. No obstante, Hern\u00e1ndez Rodr\u00edguez afirm\u00f3 que existe un acuerdo firmado que les otorga representatividad legal y sindical.<\/p>\n<p>Entre las principales violaciones se\u00f1aladas se encuentra la omisi\u00f3n en la revisi\u00f3n contractual y salarial que debi\u00f3 llevarse a cabo desde enero, as\u00ed como movimientos en las adscripciones laborales realizados sin consultar al sindicato, lo que afecta directamente a trabajadores con base.<\/p>\n<p>&#8220;Nosotros estamos reconocidos como sindicato por contrato colectivo desde 2004, y en estos momentos no se nos est\u00e1 tomando en cuenta; la Direcci\u00f3n Administrativa solo se re\u00fane con otros sindicatos&#8221;, declar\u00f3 el dirigente.<\/p>\n<p>Asimismo, inform\u00f3 que el actual Comit\u00e9 Sindical se encuentra en proceso de recibir su toma de nota, tr\u00e1mite que concluir\u00e1 en aproximadamente dos meses con la emisi\u00f3n del documento correspondiente por parte del Centro Federal de Conciliaci\u00f3n y Registro Laboral. A pesar de ello, asegur\u00f3 que el sindicato cuenta actualmente con representaci\u00f3n legal.<\/p>\n<p>Ante esta situaci\u00f3n, Hern\u00e1ndez Rodr\u00edguez solicit\u00f3 la intervenci\u00f3n del alcalde Alberto Islas, con el objetivo de evitar afectaciones tanto a los trabajadores como al funcionamiento de la Comisi\u00f3n Municipal de Agua, ante el inminente riesgo de un paro de labores.<\/p>\n","protected":false},"excerpt":{"rendered":"<p>Redacci\u00f3n Xalapa, Ver.- La Direcci\u00f3n\u00a0 de Recursos Humanos de la Comisi\u00f3n Municipal de Agua y Saneamiento (CMAS) de Xalapa estar\u00eda incurriendo en violaciones a los derechos laborales de 274 trabajadores afiliados al Sindicato de Empleados y Trabajadores de la Comisi\u00f3n Municipal de Agua Potable y Saneamiento de Xalapa, C.T.M, denunci\u00f3 su secretario general, Carlos Hern\u00e1ndez [&hellip;]<\/p>\n","protected":false},"author":2476,"featured_media":67812,"comment_status":"open","ping_status":"open","sticky":false,"template":"","format":"standard","meta":{"_jetpack_memberships_contains_paid_content":false,"footnotes":""},"categories":[3],"tags":[],"class_list":["post-67811","post","type-post","status-publish","format-standard","has-post-thumbnail","hentry","category-xalapa"],"jetpack_featured_media_url":"https:\/\/encuentroinformativo.com.mx\/wp-content\/uploads\/2025\/05\/IMG-20250530-WA02232.jpg","jetpack_sharing_enabled":true,"jetpack_likes_enabled":true,"amp_enabled":true,"_links":{"self":[{"href":"https:\/\/encuentroinformativo.com.mx\/index.php?rest_route=\/wp\/v2\/posts\/67811","targetHints":{"allow":["GET"]}}],"collection":[{"href":"https:\/\/encuentroinformativo.com.mx\/index.php?rest_route=\/wp\/v2\/posts"}],"about":[{"href":"https:\/\/encuentroinformativo.com.mx\/index.php?rest_route=\/wp\/v2\/types\/post"}],"author":[{"embeddable":true,"href":"https:\/\/encuentroinformativo.com.mx\/index.php?rest_route=\/wp\/v2\/users\/2476"}],"replies":[{"embeddable":true,"href":"https:\/\/encuentroinformativo.com.mx\/index.php?rest_route=%2Fwp%2Fv2%2Fcomments&post=67811"}],"version-history":[{"count":1,"href":"https:\/\/encuentroinformativo.com.mx\/index.php?rest_route=\/wp\/v2\/posts\/67811\/revisions"}],"predecessor-version":[{"id":67813,"href":"https:\/\/encuentroinformativo.com.mx\/index.php?rest_route=\/wp\/v2\/posts\/67811\/revisions\/67813"}],"wp:featuredmedia":[{"embeddable":true,"href":"https:\/\/encuentroinformativo.com.mx\/index.php?rest_route=\/wp\/v2\/media\/67812"}],"wp:attachment":[{"href":"https:\/\/encuentroinformativo.com.mx\/index.php?rest_route=%2Fwp%2Fv2%2Fmedia&parent=67811"}],"wp:term":[{"taxonomy":"category","embeddable":true,"href":"https:\/\/encuentroinformativo.com.mx\/index.php?rest_route=%2Fwp%2Fv2%2Fcategories&post=67811"},{"taxonomy":"post_tag","embeddable":true,"href":"https:\/\/encuentroinformativo.com.mx\/index.php?rest_route=%2Fwp%2Fv2%2Ftags&post=67811"}],"curies":[{"name":"wp","href":"https:\/\/api.w.org\/{rel}","templated":true}]}}