{"id":6787,"date":"2020-10-11T15:26:40","date_gmt":"2020-10-11T20:26:40","guid":{"rendered":"https:\/\/encuentroinformativo.com.mx\/?p=6787"},"modified":"2020-10-11T15:26:43","modified_gmt":"2020-10-11T20:26:43","slug":"baja-convocatoria-morenista-en-veracruz-puerto","status":"publish","type":"post","link":"https:\/\/encuentroinformativo.com.mx\/?p=6787","title":{"rendered":"Baja convocatoria morenista en Veracruz puerto"},"content":{"rendered":"\n<p><strong>Alejandro \u00c1vila<\/strong><\/p>\n\n\n\n<p><strong>Foto:<\/strong> V\u00edctor Y\u00e1\u00f1ez <\/p>\n\n\n\n<p>Veracruz, Ver.- Tan solo 50 personas pudo juntar el gobernador Cuitl\u00e1huac Garc\u00eda Jim\u00e9nez en la Macro Plaza del malec\u00f3n en el municipio de Veracruz, para que estos formaran un coraz\u00f3n y dentro de \u00e9l se colocaran la palabra AMLO, en un respaldo al presidente, Andr\u00e9s Manuel L\u00f3pez Obrador.<\/p>\n\n\n\n<p>La baja convocatoria se debi\u00f3 a dos situaciones puntuales.&nbsp;<\/p>\n\n\n\n<p>Una, a la pesima log\u00edstica en la convocatoria de la operadora de SEDESOL en Veracruz, de nombre Maribel Saavedra, quien junto a su esposo, que es chofer de Esteban Ram\u00edrez, aspirante a la presidencia estatal de MORENA, organizaron la actividad, a presunta petici\u00f3n del Garc\u00eda Jim\u00e9nez.<\/p>\n\n\n\n<p>El otro motivo, fue que hab\u00eda de trasfondo, manifestarse a favor de Porfirio Mu\u00f1oz Ledo para la presidencia nacional de MORENA, siendo que aqu\u00ed en Veracruz, decenas de simpatizantes y funcionarios, han mostrado su apoyo a Mario Delgado, motivo por el cual, no acudieron al llamado otros morenistas.<\/p>\n\n\n\n<p>&#8220;Esto lo est\u00e1 organizando la gente del gobernador, y la verdad es que hay cosas que estoy a favor y cosas que estoy en contra, y en que obliguen a la gente a ir por parte del gobernador a que vayan a esa manifestaci\u00f3n, una es para supuestamente apoyar a Andr\u00e9s Manuel, pero otra es tambi\u00e9n para apoyar a Porfirio Mu\u00f1oz Ledo, para quede \u00e9l, pero pues no todos estamos a favor, y no todos estamos organizando eso&#8221;, declar\u00f3 el regidor de Boca del R\u00edo, Carlos Butron.<\/p>\n\n\n\n<p>Extra\u00f1amente, todos los que acudieron a la convocatoria, son empleados de la oficina de SEDESOL en Veracruz, los cuales fueron llevados obligatoriamente y bajo el argumento de que era una solicitud expresa del gobernador Cuitl\u00e1huac Garc\u00eda Jim\u00e9nez.<\/p>\n\n\n\n<p>Finalmente, el edil morenista en Boca del R\u00edo, Carlos Butr\u00f3n, hizo extensiva la solicitud para que Gobierno del Estado no intervenga de ninguna manera en las elecciones internas, pues el triunfo de cualquier aspirante, es una decisi\u00f3n que debe tomar el INE.<\/p>\n","protected":false},"excerpt":{"rendered":"<p>Alejandro \u00c1vila Foto: V\u00edctor Y\u00e1\u00f1ez Veracruz, Ver.- Tan solo 50 personas pudo juntar el gobernador Cuitl\u00e1huac Garc\u00eda Jim\u00e9nez en la Macro Plaza del malec\u00f3n en el municipio de Veracruz, para que estos formaran un coraz\u00f3n y dentro de \u00e9l se colocaran la palabra AMLO, en un respaldo al presidente, Andr\u00e9s Manuel L\u00f3pez Obrador. La baja [&hellip;]<\/p>\n","protected":false},"author":1,"featured_media":6788,"comment_status":"open","ping_status":"open","sticky":false,"template":"","format":"standard","meta":{"_jetpack_memberships_contains_paid_content":false,"footnotes":""},"categories":[2],"tags":[],"class_list":["post-6787","post","type-post","status-publish","format-standard","has-post-thumbnail","hentry","category-estado"],"jetpack_featured_media_url":"https:\/\/encuentroinformativo.com.mx\/wp-content\/uploads\/2020\/10\/B7C586AD-BA7F-4D8E-9DB4-798DDEF1F7E2.jpeg","jetpack_sharing_enabled":true,"jetpack_likes_enabled":true,"amp_enabled":true,"_links":{"self":[{"href":"https:\/\/encuentroinformativo.com.mx\/index.php?rest_route=\/wp\/v2\/posts\/6787","targetHints":{"allow":["GET"]}}],"collection":[{"href":"https:\/\/encuentroinformativo.com.mx\/index.php?rest_route=\/wp\/v2\/posts"}],"about":[{"href":"https:\/\/encuentroinformativo.com.mx\/index.php?rest_route=\/wp\/v2\/types\/post"}],"author":[{"embeddable":true,"href":"https:\/\/encuentroinformativo.com.mx\/index.php?rest_route=\/wp\/v2\/users\/1"}],"replies":[{"embeddable":true,"href":"https:\/\/encuentroinformativo.com.mx\/index.php?rest_route=%2Fwp%2Fv2%2Fcomments&post=6787"}],"version-history":[{"count":1,"href":"https:\/\/encuentroinformativo.com.mx\/index.php?rest_route=\/wp\/v2\/posts\/6787\/revisions"}],"predecessor-version":[{"id":6789,"href":"https:\/\/encuentroinformativo.com.mx\/index.php?rest_route=\/wp\/v2\/posts\/6787\/revisions\/6789"}],"wp:featuredmedia":[{"embeddable":true,"href":"https:\/\/encuentroinformativo.com.mx\/index.php?rest_route=\/wp\/v2\/media\/6788"}],"wp:attachment":[{"href":"https:\/\/encuentroinformativo.com.mx\/index.php?rest_route=%2Fwp%2Fv2%2Fmedia&parent=6787"}],"wp:term":[{"taxonomy":"category","embeddable":true,"href":"https:\/\/encuentroinformativo.com.mx\/index.php?rest_route=%2Fwp%2Fv2%2Fcategories&post=6787"},{"taxonomy":"post_tag","embeddable":true,"href":"https:\/\/encuentroinformativo.com.mx\/index.php?rest_route=%2Fwp%2Fv2%2Ftags&post=6787"}],"curies":[{"name":"wp","href":"https:\/\/api.w.org\/{rel}","templated":true}]}}