{"id":67873,"date":"2025-06-01T15:47:00","date_gmt":"2025-06-01T21:47:00","guid":{"rendered":"https:\/\/encuentroinformativo.com.mx\/?p=67873"},"modified":"2025-06-01T15:47:00","modified_gmt":"2025-06-01T21:47:00","slug":"protestan-en-plaza-lerdo-contra-reforma-al-poder-judicial","status":"publish","type":"post","link":"https:\/\/encuentroinformativo.com.mx\/?p=67873","title":{"rendered":"Protestan en Plaza Lerdo contra reforma al Poder Judicial"},"content":{"rendered":"<p><strong>Dar\u00edo Pale<\/strong><\/p>\n<p>Xalapa, Ver.- Se manifestaron en la Plaza Lerdo diferentes asociaciones ciudadanas y sociales, ex magistrados en retiro, muchos fueron parte del Poder Judicial varios colectivos, las alianzas, asociaciones y todo lo que tiene que ver con las barras y colegios de abogados, ya que est\u00e1n en contra de la reforma al Poder Judicial.<\/p>\n<p>Entrevistado durante la manifestaci\u00f3n el vicepresidente nacional de la Alianza Mexicana de Abogados, Johnny Archer Rodr\u00edguez dijo que el motivo de la manifestaci\u00f3n es una expresi\u00f3n ciudadana en relaci\u00f3n a la farsa que se est\u00e1 cometiendo el d\u00eda de hoy a partir de las 8 de la ma\u00f1ana, cuando el gobierno federal a trav\u00e9s de sus senadores y diputados convocaron a esta gran elecci\u00f3n.<\/p>\n<p>Dijo que, \u201ces una farsa en la elecci\u00f3n para poder definir el poder judicial tanto a los jueces como los magistrados y ministros, tanto a nivel federal como los jueces a nivel local y magistrados a nivel local.<\/p>\n<p>Acus\u00f3 que tienen un grupo de abogados que est\u00e1n observando la elecci\u00f3n y les han reportado que hay mucha mala organizaci\u00f3n para el inicio de las elecciones ya que a las 08:43 horas se estaban instalando apenas las casillas en Xalapa.<\/p>\n<p>Coment\u00f3 que, \u201ceso es un fen\u00f3meno que est\u00e1 pasando a nivel nacional, resulta que la mayor\u00eda de los funcionarios que estaban asignados no han llegado, muchos de los funcionarios el d\u00eda de ayer todav\u00eda desistieron de su participaci\u00f3n y hoy no quisieron volver a participar, en promedio las casillas se est\u00e1n abriendo muy muy tarde y la participaci\u00f3n en muchos de los lugares de Xalapa, de Veracruz y de la Rep\u00fablica es casi nula\u201d.<\/p>\n<p>\u201cSi ya se sab\u00eda que cuando mucho un 7 por ciento de la poblaci\u00f3n votante iba a participar, seguramente el resultado ser\u00e1 peor, pero para eso estamos nosotros tambi\u00e9n tomando todos los videos y las gr\u00e1ficas necesarias para poder documentarlo y en su momento tambi\u00e9n llevar a cabo, presentar alg\u00fan juicio o alg\u00fan recurso\u201d, acus\u00f3.<\/p>\n<p>Por lo anterior acus\u00f3 que toda esta elecci\u00f3n del Poder Judicial es solo una simulaci\u00f3n, y puso por ejemplo que la ciudadana presidenta junto con su esposo el d\u00eda de hoy de manera descarada acuden a votar y en la casilla, en las dos casillas conjuntas en donde est\u00e1n ellos,<br \/>\nel esposo saca su celular para ver de qu\u00e9 forma tiene que votar y donde se nota de manera inmediata el desconocimiento de las personas por las que ten\u00edan que votar.<\/p>\n<p>Hay un sinn\u00famero de personas que han sido encuestadas y entrevistadas en donde lo que dicen es que adolecen de conocimiento, de preparaci\u00f3n para poder elegir a los mejores jueces o magistrados.<\/p>\n<p>\u201cEsto ha sido una burla, ha sido una farsa, lo que se rompe es el Estado de Derecho, lo que se rompe es la Rep\u00fablica, la divisi\u00f3n de poderes y es lo que hoy nosotros estamos aqu\u00ed tratando de expresar y manifest\u00e1ndonos en contra de esta elecci\u00f3n falsa, de esta elecci\u00f3n manipulada y, por supuesto, ama\u00f1ada por parte de todas las personas que se encuentran en el gobierno del partido de Morena\u201d, se\u00f1al\u00f3.<\/p>\n<p>Hacen un llamado a no votar ya que el no participar tambi\u00e9n significa una resistencia, la no participaci\u00f3n significa tambi\u00e9n una inconformidad, por eso es el llamado a nivel nacional de que no participen, si no participan no tendr\u00e1n forma de argumentar ni de demostrar que realmente los n\u00fameros que ellos manejen sean acordes a la realidad de la votaci\u00f3n.<\/p>\n<p>Lo que en derecho deber\u00eda de proceder es que si la participaci\u00f3n es menor al 20 por ciento<br \/>\nque ya no es vinculante, lo que tendr\u00edan que hacer es hacer un llamado nuevamente al Congreso para ver de qu\u00e9 forma se puede resolver el tema de la elecci\u00f3n del Poder Judicial, el Poder Judicial no tiene ahorita ning\u00fan representante.<\/p>\n<p>Finalmente coment\u00f3 que, los propios candidatos no tienen ning\u00fan representante dentro de las casillas y por lo mismo esto lo que tiende a ser es una elecci\u00f3n totalmente falsa.<\/p>\n","protected":false},"excerpt":{"rendered":"<p>Dar\u00edo Pale Xalapa, Ver.- Se manifestaron en la Plaza Lerdo diferentes asociaciones ciudadanas y sociales, ex magistrados en retiro, muchos fueron parte del Poder Judicial varios colectivos, las alianzas, asociaciones y todo lo que tiene que ver con las barras y colegios de abogados, ya que est\u00e1n en contra de la reforma al Poder Judicial. [&hellip;]<\/p>\n","protected":false},"author":2476,"featured_media":67872,"comment_status":"open","ping_status":"open","sticky":false,"template":"","format":"standard","meta":{"_jetpack_memberships_contains_paid_content":false,"footnotes":""},"categories":[3],"tags":[],"class_list":["post-67873","post","type-post","status-publish","format-standard","has-post-thumbnail","hentry","category-xalapa"],"jetpack_featured_media_url":"https:\/\/encuentroinformativo.com.mx\/wp-content\/uploads\/2025\/06\/IMG-20250601-WA02722.jpg","jetpack_sharing_enabled":true,"jetpack_likes_enabled":true,"amp_enabled":true,"_links":{"self":[{"href":"https:\/\/encuentroinformativo.com.mx\/index.php?rest_route=\/wp\/v2\/posts\/67873","targetHints":{"allow":["GET"]}}],"collection":[{"href":"https:\/\/encuentroinformativo.com.mx\/index.php?rest_route=\/wp\/v2\/posts"}],"about":[{"href":"https:\/\/encuentroinformativo.com.mx\/index.php?rest_route=\/wp\/v2\/types\/post"}],"author":[{"embeddable":true,"href":"https:\/\/encuentroinformativo.com.mx\/index.php?rest_route=\/wp\/v2\/users\/2476"}],"replies":[{"embeddable":true,"href":"https:\/\/encuentroinformativo.com.mx\/index.php?rest_route=%2Fwp%2Fv2%2Fcomments&post=67873"}],"version-history":[{"count":1,"href":"https:\/\/encuentroinformativo.com.mx\/index.php?rest_route=\/wp\/v2\/posts\/67873\/revisions"}],"predecessor-version":[{"id":67874,"href":"https:\/\/encuentroinformativo.com.mx\/index.php?rest_route=\/wp\/v2\/posts\/67873\/revisions\/67874"}],"wp:featuredmedia":[{"embeddable":true,"href":"https:\/\/encuentroinformativo.com.mx\/index.php?rest_route=\/wp\/v2\/media\/67872"}],"wp:attachment":[{"href":"https:\/\/encuentroinformativo.com.mx\/index.php?rest_route=%2Fwp%2Fv2%2Fmedia&parent=67873"}],"wp:term":[{"taxonomy":"category","embeddable":true,"href":"https:\/\/encuentroinformativo.com.mx\/index.php?rest_route=%2Fwp%2Fv2%2Fcategories&post=67873"},{"taxonomy":"post_tag","embeddable":true,"href":"https:\/\/encuentroinformativo.com.mx\/index.php?rest_route=%2Fwp%2Fv2%2Ftags&post=67873"}],"curies":[{"name":"wp","href":"https:\/\/api.w.org\/{rel}","templated":true}]}}