{"id":6790,"date":"2020-10-11T16:22:43","date_gmt":"2020-10-11T21:22:43","guid":{"rendered":"https:\/\/encuentroinformativo.com.mx\/?p=6790"},"modified":"2020-10-11T16:22:47","modified_gmt":"2020-10-11T21:22:47","slug":"cuestiona-prd-desabasto-de-medicamentos","status":"publish","type":"post","link":"https:\/\/encuentroinformativo.com.mx\/?p=6790","title":{"rendered":"Cuestiona PRD desabasto de medicamentos"},"content":{"rendered":"\n<p><strong>Juan Arcos <\/strong><\/p>\n\n\n\n<p>Xalapa, Ver.- El dirigente estatal del Partido de la Revoluci\u00f3n Democr\u00e1tica (PRD), Sergio Cadena Mart\u00ednez, critic\u00f3 que haya desabasto de medicamentos para atender a ni\u00f1os y personas con c\u00e1ncer en Veracruz.<\/p>\n\n\n\n<p>Adem\u00e1s, lament\u00f3 que el gobierno estatal haya tomado \u201cmalas decisiones\u201d para enfrentar la pandemia del SARS-COV-2 (COVID-19).<\/p>\n\n\n\n<p>\u201cPasando por la denuncia de la supuesta falta de vacunas contra la influenza, lo que deja en claro la total ineficacia que priva en el gobierno de Veracruz, lo que atenta contra los sectores m\u00e1s desprotegidos\u201d.<\/p>\n\n\n\n<p>En el marco de la renovaci\u00f3n de la Direcci\u00f3n Municipal Ejecutiva del PRD en el municipio de Emiliano Zapata, pidi\u00f3 a la ciudadan\u00eda realizar un ejercicio maduro, cr\u00edtico y real a fin de valorar con sentido cr\u00edtico lo que debe ser el porvenir de Veracruz.<\/p>\n\n\n\n<p>\u201cEvaluar nuestro presente para construir un mejor futuro, en el cual no pueden caber m\u00e1s muertos, como ha sucedido hasta la fecha, por lo que se debe de empezar a reconstruir desde hoy, de la mano de los j\u00f3venes y las mujeres\u201d.<\/p>\n\n\n\n<p>Reiter\u00f3 el llamado a los veracruzanos para sumarse al movimiento pac\u00edfico y propositivo que encabeza su partido para recuperar a Veracruz, ante el abandono que las familias m\u00e1s vulnerables de la entidad est\u00e1n viviendo por parte de las autoridades.<\/p>\n\n\n\n<p>Estuvo acompa\u00f1ado por \u00c1ngel \u00c1vila, representante de la Direcci\u00f3n Nacional perredista ante el INE, tambi\u00e9n por Elizabeth P\u00e9rez, Secretaria Nacional de Asuntos Electorales; la Diputada Federal, Norma Azucena Rodr\u00edguez; Roberto Pe\u00f1a Gonz\u00e1lez, secretario general de la DEE as\u00ed como por exdirigentes estatales.<\/p>\n\n\n\n<p>Cadena Mart\u00ednez tom\u00f3 protesta a Jos\u00e9 Miguel Mart\u00ednez Castro, quien dijo encabeza una direcci\u00f3n municipal con visi\u00f3n de futuro, lista para reencausar los destinos de Emiliano Zapata.<\/p>\n\n\n\n<p>\u201cNo merecemos ni podemos tener m\u00e1s ni\u00f1os ni mujeres en pobreza extrema ante el abandono del gobierno, quien espera que con sus dadivas sigan dependiendo de ellos con fines meramente electorales, es por ello que no se puede dejar a su suerte la vida de hombres y mujeres trabajadoras y entregadas, honestas\u201d, apunt\u00f3.<\/p>\n","protected":false},"excerpt":{"rendered":"<p>Juan Arcos Xalapa, Ver.- El dirigente estatal del Partido de la Revoluci\u00f3n Democr\u00e1tica (PRD), Sergio Cadena Mart\u00ednez, critic\u00f3 que haya desabasto de medicamentos para atender a ni\u00f1os y personas con c\u00e1ncer en Veracruz. Adem\u00e1s, lament\u00f3 que el gobierno estatal haya tomado \u201cmalas decisiones\u201d para enfrentar la pandemia del SARS-COV-2 (COVID-19). \u201cPasando por la denuncia de [&hellip;]<\/p>\n","protected":false},"author":1,"featured_media":1924,"comment_status":"open","ping_status":"open","sticky":false,"template":"","format":"standard","meta":{"_jetpack_memberships_contains_paid_content":false,"footnotes":""},"categories":[2],"tags":[],"class_list":["post-6790","post","type-post","status-publish","format-standard","has-post-thumbnail","hentry","category-estado"],"jetpack_featured_media_url":"https:\/\/encuentroinformativo.com.mx\/wp-content\/uploads\/2020\/04\/EOMYxDJWkAA4IXD.jpg","jetpack_sharing_enabled":true,"jetpack_likes_enabled":true,"amp_enabled":true,"_links":{"self":[{"href":"https:\/\/encuentroinformativo.com.mx\/index.php?rest_route=\/wp\/v2\/posts\/6790","targetHints":{"allow":["GET"]}}],"collection":[{"href":"https:\/\/encuentroinformativo.com.mx\/index.php?rest_route=\/wp\/v2\/posts"}],"about":[{"href":"https:\/\/encuentroinformativo.com.mx\/index.php?rest_route=\/wp\/v2\/types\/post"}],"author":[{"embeddable":true,"href":"https:\/\/encuentroinformativo.com.mx\/index.php?rest_route=\/wp\/v2\/users\/1"}],"replies":[{"embeddable":true,"href":"https:\/\/encuentroinformativo.com.mx\/index.php?rest_route=%2Fwp%2Fv2%2Fcomments&post=6790"}],"version-history":[{"count":1,"href":"https:\/\/encuentroinformativo.com.mx\/index.php?rest_route=\/wp\/v2\/posts\/6790\/revisions"}],"predecessor-version":[{"id":6791,"href":"https:\/\/encuentroinformativo.com.mx\/index.php?rest_route=\/wp\/v2\/posts\/6790\/revisions\/6791"}],"wp:featuredmedia":[{"embeddable":true,"href":"https:\/\/encuentroinformativo.com.mx\/index.php?rest_route=\/wp\/v2\/media\/1924"}],"wp:attachment":[{"href":"https:\/\/encuentroinformativo.com.mx\/index.php?rest_route=%2Fwp%2Fv2%2Fmedia&parent=6790"}],"wp:term":[{"taxonomy":"category","embeddable":true,"href":"https:\/\/encuentroinformativo.com.mx\/index.php?rest_route=%2Fwp%2Fv2%2Fcategories&post=6790"},{"taxonomy":"post_tag","embeddable":true,"href":"https:\/\/encuentroinformativo.com.mx\/index.php?rest_route=%2Fwp%2Fv2%2Ftags&post=6790"}],"curies":[{"name":"wp","href":"https:\/\/api.w.org\/{rel}","templated":true}]}}