{"id":67905,"date":"2025-06-01T19:48:02","date_gmt":"2025-06-02T01:48:02","guid":{"rendered":"https:\/\/encuentroinformativo.com.mx\/?p=67905"},"modified":"2025-06-01T19:48:02","modified_gmt":"2025-06-02T01:48:02","slug":"morena-se-perfila-como-el-ganador-afirma-dirigente","status":"publish","type":"post","link":"https:\/\/encuentroinformativo.com.mx\/?p=67905","title":{"rendered":"Morena se perfila como el ganador, afirma dirigente"},"content":{"rendered":"<p><strong>Dar\u00edo Pale<\/strong><\/p>\n<p>Xalapa, Ver.- El dirigente estatal de Morena Esteban Ram\u00edrez Zepeta dio a conocer que en Veracruz se vivi\u00f3 una jornada electoral hist\u00f3rica, ya que el pueblo sali\u00f3 a ejercer su derecho a votar en paz con una gran participaci\u00f3n.<\/p>\n<p>En un mensaje a los medios de comunicaci\u00f3n dio a conocer que, hoy en Veracruz se vivi\u00f3 una jornada electoral verdaderamente hist\u00f3rica, el pueblo sali\u00f3 con convicci\u00f3n a ejercer su derecho al voto en paz, con una gran participaci\u00f3n y con un profundo sentido de responsabilidad ciudadana.<\/p>\n<p>\u201cPor primera vez en la historia, adem\u00e1s de elegir a nuestras autoridades municipales, las y los veracruzanos, decidimos libremente qui\u00e9nes ocuparan los cargos dentro del Poder Judicial, federal y local, eso habla de un pueblo maduro, consciente y protagonista de su destino\u201d, se\u00f1al\u00f3.<\/p>\n<p>Asegur\u00f3 que su partido se perfila como el gran ganador de la jornada electoral de este domingo, al encabezar las preferencias en al menos dos terceras partes de los municipios veracruzanos, lo que representar\u00eda m\u00e1s de 150 alcald\u00edas.<\/p>\n<p>\u201cHoy la voluntad popular se hizo escuchar con fuerza en cada rinc\u00f3n de Veracruz. La actual transformaci\u00f3n ha vuelto a arrasar en el estado, con el respaldo de un pueblo unido, organizado y comprometido con la justicia y el bienestar colectivo\u201d, declar\u00f3.<\/p>\n<p>Ram\u00edrez Zepeta destac\u00f3 que por primera vez en la historia de M\u00e9xico, adem\u00e1s de renovarse las autoridades municipales, la ciudadan\u00eda tambi\u00e9n eligi\u00f3 cargos en el Poder Judicial, tanto federal como local, lo que consider\u00f3 un avance democr\u00e1tico sin precedentes.<\/p>\n<p>\u201cEl pueblo veracruzano mostr\u00f3 madurez, conciencia y protagonismo en su destino. Hubo una participaci\u00f3n ciudadana hist\u00f3rica del 55 por ciento en una elecci\u00f3n no concurrente, lo cual demuestra el inter\u00e9s y compromiso de la gente con la democracia\u201d, afirm\u00f3.<\/p>\n<p>El dirigente morenista reconoci\u00f3 el trabajo de las estructuras electorales del partido, as\u00ed como de los funcionarios de casilla, representantes y simpatizantes que, dijo, \u201cdefendieron el voto con convicci\u00f3n y dignidad\u201d.<\/p>\n<p>Inform\u00f3 que pr\u00e1cticamente el 100 por ciento de las casillas fueron cubiertas por la estructura de defensa del voto de Morena.<\/p>\n<p>En cuanto a los resultados preliminares, indic\u00f3 que las encuestas de salida colocan a Morena al frente en las 30 cabeceras distritales del estado, incluyendo municipios clave como Xalapa, Veracruz, Boca del R\u00edo, C\u00f3rdoba, Papantla y Tuxpan.<\/p>\n<p>\u201cCada triunfo representa no solo una victoria electoral, sino una victoria de la esperanza, del trabajo honesto y del proyecto de transformaci\u00f3n que ha echado ra\u00edces en el coraz\u00f3n del pueblo veracruzano\u201d, subray\u00f3.<\/p>\n<p>Finalmente, adelant\u00f3 que la ventaja de Morena en muchos municipios ronda entre el 15 y un 20 por ciento, seg\u00fan sus encuestas de salida, aunque record\u00f3 que los resultados oficiales ser\u00e1n dados a conocer por el Organismo P\u00fablico Local Electoral (OPLE) a partir de las 20:00 horas.<\/p>\n","protected":false},"excerpt":{"rendered":"<p>Dar\u00edo Pale Xalapa, Ver.- El dirigente estatal de Morena Esteban Ram\u00edrez Zepeta dio a conocer que en Veracruz se vivi\u00f3 una jornada electoral hist\u00f3rica, ya que el pueblo sali\u00f3 a ejercer su derecho a votar en paz con una gran participaci\u00f3n. En un mensaje a los medios de comunicaci\u00f3n dio a conocer que, hoy en [&hellip;]<\/p>\n","protected":false},"author":2476,"featured_media":67906,"comment_status":"open","ping_status":"open","sticky":false,"template":"","format":"standard","meta":{"_jetpack_memberships_contains_paid_content":false,"footnotes":""},"categories":[2],"tags":[],"class_list":["post-67905","post","type-post","status-publish","format-standard","has-post-thumbnail","hentry","category-estado"],"jetpack_featured_media_url":"https:\/\/encuentroinformativo.com.mx\/wp-content\/uploads\/2025\/06\/IMG-20250601-WA04152.jpg","jetpack_sharing_enabled":true,"jetpack_likes_enabled":true,"amp_enabled":true,"_links":{"self":[{"href":"https:\/\/encuentroinformativo.com.mx\/index.php?rest_route=\/wp\/v2\/posts\/67905","targetHints":{"allow":["GET"]}}],"collection":[{"href":"https:\/\/encuentroinformativo.com.mx\/index.php?rest_route=\/wp\/v2\/posts"}],"about":[{"href":"https:\/\/encuentroinformativo.com.mx\/index.php?rest_route=\/wp\/v2\/types\/post"}],"author":[{"embeddable":true,"href":"https:\/\/encuentroinformativo.com.mx\/index.php?rest_route=\/wp\/v2\/users\/2476"}],"replies":[{"embeddable":true,"href":"https:\/\/encuentroinformativo.com.mx\/index.php?rest_route=%2Fwp%2Fv2%2Fcomments&post=67905"}],"version-history":[{"count":1,"href":"https:\/\/encuentroinformativo.com.mx\/index.php?rest_route=\/wp\/v2\/posts\/67905\/revisions"}],"predecessor-version":[{"id":67907,"href":"https:\/\/encuentroinformativo.com.mx\/index.php?rest_route=\/wp\/v2\/posts\/67905\/revisions\/67907"}],"wp:featuredmedia":[{"embeddable":true,"href":"https:\/\/encuentroinformativo.com.mx\/index.php?rest_route=\/wp\/v2\/media\/67906"}],"wp:attachment":[{"href":"https:\/\/encuentroinformativo.com.mx\/index.php?rest_route=%2Fwp%2Fv2%2Fmedia&parent=67905"}],"wp:term":[{"taxonomy":"category","embeddable":true,"href":"https:\/\/encuentroinformativo.com.mx\/index.php?rest_route=%2Fwp%2Fv2%2Fcategories&post=67905"},{"taxonomy":"post_tag","embeddable":true,"href":"https:\/\/encuentroinformativo.com.mx\/index.php?rest_route=%2Fwp%2Fv2%2Ftags&post=67905"}],"curies":[{"name":"wp","href":"https:\/\/api.w.org\/{rel}","templated":true}]}}