{"id":67924,"date":"2025-06-02T11:50:30","date_gmt":"2025-06-02T17:50:30","guid":{"rendered":"https:\/\/encuentroinformativo.com.mx\/?p=67924"},"modified":"2025-06-02T11:50:30","modified_gmt":"2025-06-02T17:50:30","slug":"en-accidente-atropella-a-mujer-en-alvarado-y-no-puede-con-la-culpa","status":"publish","type":"post","link":"https:\/\/encuentroinformativo.com.mx\/?p=67924","title":{"rendered":"En accidente atropella a mujer en Alvarado, y no puede con la culpa\u00a0"},"content":{"rendered":"<p><strong>Alejandro \u00c1vila<\/strong><\/p>\n<p>Alvarado, Ver.- Un sujeto se quit\u00f3 la vida este domingo 1 de junio tras conocer que la mujer a la que hab\u00eda atropellado por accidente perdi\u00f3 la vida en el hospital.<\/p>\n<p>La noche del jueves 29 de mayo se suscit\u00f3 un accidente vial sobre la carretera federal 180 a la altura de la colonia Vista Hermosa en la cabecera municipal de Alvarado, un conductor identificado como Iv\u00e1n Marbec L\u00f3pez Prieto de 49 a\u00f1os de edad, transitaba en una camioneta de la funeraria &#8220;Monte Sina\u00ed&#8221; con direcci\u00f3n a su domicilio tr\u00e1s una jornada de trabajo.<\/p>\n<p>Una mujer identificada como Silvia Vidal de 56 a\u00f1os de edad, sali\u00f3 detr\u00e1s de un puesto de tacos sin que la viera el conductor y este la atropell\u00f3 por accidente, del impacto sufri\u00f3 un fuerte golpe en la cabeza, por lo que tuvo que ser internada en el hospital; Lamentablemente la ma\u00f1ana de este domingo 1 de junio se report\u00f3 su deceso.<\/p>\n<p>Tras conocer la noticia, Iv\u00e1n L\u00f3pez no soport\u00f3 la culpabilidad y tom\u00f3 la decisi\u00f3n de quitarse la vida ahorc\u00e1ndose en su domicilio. A trav\u00e9s de redes sociales amigos y familiares lamentaron lo sucedido.<\/p>\n","protected":false},"excerpt":{"rendered":"<p>Alejandro \u00c1vila Alvarado, Ver.- Un sujeto se quit\u00f3 la vida este domingo 1 de junio tras conocer que la mujer a la que hab\u00eda atropellado por accidente perdi\u00f3 la vida en el hospital. La noche del jueves 29 de mayo se suscit\u00f3 un accidente vial sobre la carretera federal 180 a la altura de la [&hellip;]<\/p>\n","protected":false},"author":2476,"featured_media":67925,"comment_status":"open","ping_status":"open","sticky":false,"template":"","format":"standard","meta":{"_jetpack_memberships_contains_paid_content":false,"footnotes":""},"categories":[14],"tags":[],"class_list":["post-67924","post","type-post","status-publish","format-standard","has-post-thumbnail","hentry","category-policiaca"],"jetpack_featured_media_url":"https:\/\/encuentroinformativo.com.mx\/wp-content\/uploads\/2025\/06\/IMG-20250602-WA0073.jpg","jetpack_sharing_enabled":true,"jetpack_likes_enabled":true,"amp_enabled":true,"_links":{"self":[{"href":"https:\/\/encuentroinformativo.com.mx\/index.php?rest_route=\/wp\/v2\/posts\/67924","targetHints":{"allow":["GET"]}}],"collection":[{"href":"https:\/\/encuentroinformativo.com.mx\/index.php?rest_route=\/wp\/v2\/posts"}],"about":[{"href":"https:\/\/encuentroinformativo.com.mx\/index.php?rest_route=\/wp\/v2\/types\/post"}],"author":[{"embeddable":true,"href":"https:\/\/encuentroinformativo.com.mx\/index.php?rest_route=\/wp\/v2\/users\/2476"}],"replies":[{"embeddable":true,"href":"https:\/\/encuentroinformativo.com.mx\/index.php?rest_route=%2Fwp%2Fv2%2Fcomments&post=67924"}],"version-history":[{"count":1,"href":"https:\/\/encuentroinformativo.com.mx\/index.php?rest_route=\/wp\/v2\/posts\/67924\/revisions"}],"predecessor-version":[{"id":67926,"href":"https:\/\/encuentroinformativo.com.mx\/index.php?rest_route=\/wp\/v2\/posts\/67924\/revisions\/67926"}],"wp:featuredmedia":[{"embeddable":true,"href":"https:\/\/encuentroinformativo.com.mx\/index.php?rest_route=\/wp\/v2\/media\/67925"}],"wp:attachment":[{"href":"https:\/\/encuentroinformativo.com.mx\/index.php?rest_route=%2Fwp%2Fv2%2Fmedia&parent=67924"}],"wp:term":[{"taxonomy":"category","embeddable":true,"href":"https:\/\/encuentroinformativo.com.mx\/index.php?rest_route=%2Fwp%2Fv2%2Fcategories&post=67924"},{"taxonomy":"post_tag","embeddable":true,"href":"https:\/\/encuentroinformativo.com.mx\/index.php?rest_route=%2Fwp%2Fv2%2Ftags&post=67924"}],"curies":[{"name":"wp","href":"https:\/\/api.w.org\/{rel}","templated":true}]}}