{"id":67949,"date":"2025-06-02T18:50:16","date_gmt":"2025-06-03T00:50:16","guid":{"rendered":"https:\/\/encuentroinformativo.com.mx\/?p=67949"},"modified":"2025-06-02T18:50:16","modified_gmt":"2025-06-03T00:50:16","slug":"no-vamos-a-impugnar-pediremos-conteo-de-votos-en-siete-municipios-maynez","status":"publish","type":"post","link":"https:\/\/encuentroinformativo.com.mx\/?p=67949","title":{"rendered":"No vamos a impugnar, pediremos conteo de votos en siete municipios:\u00a0 Maynez"},"content":{"rendered":"<p><strong>Alejandro \u00c1vila<\/strong><\/p>\n<p>Boca del R\u00edo, Ver.- El coordinador nacional de Movimiento Ciudadano, Jorge \u00c1lvarez Maynez, se\u00f1al\u00f3 que pedir\u00e1n el conteo de votos en siete municipios de la entidad veracruzana y, tras ganarlos, aumentar\u00e1n la cifra de Ayuntamientos que administrar\u00e1n a partir del 2026, a 48.<\/p>\n<p>&#8220;No estamos pensando en este momento en impugnar, porque irregularidades digamos que hubo pr\u00e1cticamente en todos, creo que se le sigue pasando la mano a la Polic\u00eda Estatal, que se le sigue pasando la mano a mucha gente en la intervenci\u00f3n, programa sociales, pero lo que estamos contemplando es que la ley marca que en los municipios donde haya una ventaja menor a una cierta cantidad de votos, de votos nulos del 5 por ciento, donde la diferencia sea ajustada puede haber un conteo de voto por voto y casilla por casilla y son pr\u00e1cticamente siete municipios&#8221;, expres\u00f3.<\/p>\n<p>Los municipios donde pedir\u00e1n el conteo de votos ser\u00e1n, Medell\u00edn de Bravo, Filomeno Mata, Pueblo Viejo, Alto Lucero, Camerino Z Mendoza, Rafael Delgado y Amatitl\u00e1n; \u00c1lvarez Maynez asest\u00f3 que no permitir\u00e1n que la voluntad de la gente sea violentada y, tal como pas\u00f3 en Las Choapas, se debe respetar la decisi\u00f3n de los veracruzanos.<\/p>\n<p>&#8220;Lo que son las cosas, lleg\u00f3 el caso de Las Choapas a La Ma\u00f1anera a nivel nacional, y Las Choapas ahorita es el municipio m\u00e1s votado para Movimiento Ciudadano, por qu\u00e9, porque si visibiliz\u00f3 y se pudo contener, y le dijimos a la gente como dec\u00eda aquel, tomen lo que les den y a la hora de la verdad&#8230;toma tu voto. Desgraciadamente eso no bast\u00f3 para contener muchos de los municipios y por supuesto que vamos a acompa\u00f1ar a que se haga respetar la ley&#8221;, culmin\u00f3.<\/p>\n<p>En la conferencia de prensa realizada en el municipio de Boca del R\u00edo, estuvieron presentes el coordinador estatal, Luis Carbonel de la Hoz; el diputado federal, Sergio Gil Rull\u00e1n; la alcaldesa electa de Puente Nacional; Bibiana S\u00e1nchez B\u00e1ez; as\u00ed como los candidatos de Medell\u00edn de Bravo y Boca del R\u00edo, Guillermo Herrada Jim\u00e9nez y Ra\u00fal Zarrabal Ferat, respectivamente.<\/p>\n","protected":false},"excerpt":{"rendered":"<p>Alejandro \u00c1vila Boca del R\u00edo, Ver.- El coordinador nacional de Movimiento Ciudadano, Jorge \u00c1lvarez Maynez, se\u00f1al\u00f3 que pedir\u00e1n el conteo de votos en siete municipios de la entidad veracruzana y, tras ganarlos, aumentar\u00e1n la cifra de Ayuntamientos que administrar\u00e1n a partir del 2026, a 48. &#8220;No estamos pensando en este momento en impugnar, porque irregularidades [&hellip;]<\/p>\n","protected":false},"author":2476,"featured_media":67950,"comment_status":"open","ping_status":"open","sticky":false,"template":"","format":"standard","meta":{"_jetpack_memberships_contains_paid_content":false,"footnotes":""},"categories":[2],"tags":[],"class_list":["post-67949","post","type-post","status-publish","format-standard","has-post-thumbnail","hentry","category-estado"],"jetpack_featured_media_url":"https:\/\/encuentroinformativo.com.mx\/wp-content\/uploads\/2025\/06\/IMG-20250602-WA0272-scaled.jpg","jetpack_sharing_enabled":true,"jetpack_likes_enabled":true,"amp_enabled":true,"_links":{"self":[{"href":"https:\/\/encuentroinformativo.com.mx\/index.php?rest_route=\/wp\/v2\/posts\/67949","targetHints":{"allow":["GET"]}}],"collection":[{"href":"https:\/\/encuentroinformativo.com.mx\/index.php?rest_route=\/wp\/v2\/posts"}],"about":[{"href":"https:\/\/encuentroinformativo.com.mx\/index.php?rest_route=\/wp\/v2\/types\/post"}],"author":[{"embeddable":true,"href":"https:\/\/encuentroinformativo.com.mx\/index.php?rest_route=\/wp\/v2\/users\/2476"}],"replies":[{"embeddable":true,"href":"https:\/\/encuentroinformativo.com.mx\/index.php?rest_route=%2Fwp%2Fv2%2Fcomments&post=67949"}],"version-history":[{"count":1,"href":"https:\/\/encuentroinformativo.com.mx\/index.php?rest_route=\/wp\/v2\/posts\/67949\/revisions"}],"predecessor-version":[{"id":67951,"href":"https:\/\/encuentroinformativo.com.mx\/index.php?rest_route=\/wp\/v2\/posts\/67949\/revisions\/67951"}],"wp:featuredmedia":[{"embeddable":true,"href":"https:\/\/encuentroinformativo.com.mx\/index.php?rest_route=\/wp\/v2\/media\/67950"}],"wp:attachment":[{"href":"https:\/\/encuentroinformativo.com.mx\/index.php?rest_route=%2Fwp%2Fv2%2Fmedia&parent=67949"}],"wp:term":[{"taxonomy":"category","embeddable":true,"href":"https:\/\/encuentroinformativo.com.mx\/index.php?rest_route=%2Fwp%2Fv2%2Fcategories&post=67949"},{"taxonomy":"post_tag","embeddable":true,"href":"https:\/\/encuentroinformativo.com.mx\/index.php?rest_route=%2Fwp%2Fv2%2Ftags&post=67949"}],"curies":[{"name":"wp","href":"https:\/\/api.w.org\/{rel}","templated":true}]}}