{"id":6797,"date":"2020-10-12T11:07:19","date_gmt":"2020-10-12T16:07:19","guid":{"rendered":"https:\/\/encuentroinformativo.com.mx\/?p=6797"},"modified":"2020-10-12T11:07:25","modified_gmt":"2020-10-12T16:07:25","slug":"ceapp-renovarse-o-morir","status":"publish","type":"post","link":"https:\/\/encuentroinformativo.com.mx\/?p=6797","title":{"rendered":"CEAPP: RENOVARSE O MORIR"},"content":{"rendered":"\n<p><strong>+ La secre Xochitl est\u00e1 malita de Covid, comentan.<br>+ Esteban va solito y sin competencia a la dirigencia estatal<br>+ Biden, Greta y los Alem\u00e1n.<br><br><em>No pierdan de vista a Lima Franco<br>&#8211;Chopenjawer<\/em><\/strong><\/p>\n\n\n\n<p>La Comisi\u00f3n Estatal para la Atenci\u00f3n y Protecci\u00f3n de los Periodistas (CEAPP) se cre\u00f3, durante el sexenio de Javier Duarte en noviembre de 2012, uno de los a\u00f1os m\u00e1s dif\u00edciles para el gremio en Veracruz, pues meses antes arreciaron los asesinatos de periodistas.<\/p>\n\n\n\n<p>M\u00e1s all\u00e1 de las historias que se cuentan, los cr\u00edmenes en realidad nunca han sido resueltos y todo ha quedado en leyendas negras del crimen organizado.<\/p>\n\n\n\n<p>De hecho, la idea de la CEAPP surge como una respuesta del gobierno para de alguna manera paliar (el poder) con la situaci\u00f3n de violencia que afectaba al gremio. Meses antes de su creaci\u00f3n, desde la oficina de Comunicaci\u00f3n Social, entonces dirigida por Gina Dom\u00ednguez Col\u00edo, consultaban a periodistas aliados sobre qui\u00e9nes propondr\u00edan a la Comisi\u00f3n.<\/p>\n\n\n\n<p>De all\u00ed sali\u00f3 la presidenta de la Comisi\u00f3n Estatal de Derechos Humanos, la reconocida abogada Namiko Matzumoto, quien personalmente atendi\u00f3 a la familia del reportero Gregorio Jim\u00e9nez de la Cruz (asesinado en febrero de 2014), y viajaba constantemente entre Palacio de Gobierno y Coatzacoalcos para tratar de aliviar un poco la situaci\u00f3n, que se convirti\u00f3 finalmente en el detonante de la salida de Gina Dom\u00ednguez de la Coordinaci\u00f3n de Comunicaci\u00f3n Social.<\/p>\n\n\n\n<p>Siempre hubo se\u00f1alamientos y acusaciones (&#8220;raro&#8221; que no los haya en gremio) de que los periodistas integrantes de la CEAPP eran cercanos al poder y la Comisi\u00f3n simplemente era un elefante blanco.<\/p>\n\n\n\n<p>De hecho, a los actuales comisionados se les ha se\u00f1alado de ser tambi\u00e9n parte de un grupo pol\u00edtico que arrib\u00f3 al poder durante el yunato, cuando fueron reemplazados los anteriores comisionados nombrados en el duartismo.<\/p>\n\n\n\n<p>Creo que, como en todo caso donde un periodista llega al servicio p\u00fablico, es dif\u00edcil avanzar ante un gremio que tiene muchas diferencias, intereses y desencuentros. Un periodista dentro de un gobierno queda vulnerable porque se convierte en servidor p\u00fablico y blanco de cr\u00edticas, ya ni se diga si realiza una mala labor o se convierte en un d\u00e9spota. Un dicho com\u00fan en este sentido es: &#8220;No es lo mismo ser borracho que cantinero&#8221;, y tambi\u00e9n aplica para la CEAPP.<\/p>\n\n\n\n<p>Una situaci\u00f3n que regularmente prevalece y se comenta entre periodistas, es que la CEAPP no resuelve o apoya en situaciones de despidos en medios, sobre todo cuando a finales del sexenio de Duarte y bienio de Yunes Linares comenzaron los cierres de empresas de comunicaci\u00f3n, y esta situaci\u00f3n no ha cambiado en la actual administraci\u00f3n de Cuitl\u00e1huac Garc\u00eda.<\/p>\n\n\n\n<p>Lo anterior obedece a una l\u00f3gica sencilla: la principal entrada econ\u00f3mica que durante d\u00e9cadas han tenido los medios de comunicaci\u00f3n son los convenios con el gobierno en todos sus niveles, pero muchos de \u00e9stos ya han prescindido poco a poco de los servicios de los medios al darse cuenta que algunos simplemente no tienen ni lectores ni influencia, aunado a que las redes sociales llegaron a abaratar much\u00edsimo el trabajo period\u00edstico.<\/p>\n\n\n\n<p>Es decir: mientras en un impreso una plana llegaba a costar hasta 50 mil pesos (por decir una cifra), una publicaci\u00f3n en Facebook tiene mayor alcance, un p\u00fablico m\u00e1s seguro de llegar, m\u00e1s audiencia y con la ventaja de que puede ser definido de acuerdo al inter\u00e9s de la publicaci\u00f3n, que tambi\u00e9n es controlada por el propio cliente, no por el medio; adem\u00e1s de que cuesta much\u00edsimo menos: son tarifas que van desde 50 pesos hasta lo que uno quiera invertir.<\/p>\n\n\n\n<p>En lo general, creo que los problemas recientes m\u00e1s graves han sido en el plano de lo laboral, y muchos periodistas comentan que la CEAPP no les ha asesorado en esta situaci\u00f3n. Tampoco es que se deje de lado el asunto de la seguridad, porque las amenazas contra trabajadores de medios siguen y seguir\u00e1n, mientras no haya un castigo ejemplar contra los ejecutores, pero al final de cuentas es un trabajo que no le corresponde directamente a la CEAPP, sino a la autoridad ministerial\/judicial.<\/p>\n\n\n\n<p>Quiz\u00e1 donde de plano se toc\u00f3 fondo en la CEAPP &#8211;de manera muy pat\u00e9tica&#8211; fue cuando se le entreg\u00f3 un reconocimiento al secretario de Seguridad P\u00fablica de Yunes Linares, Jaime T\u00e9llez Mari\u00e9. A ese grado se lleg\u00f3, pero se entiende por las circunstancias y la cercan\u00eda de los comisionados con el exgobernador.<\/p>\n\n\n\n<p>Hay peticiones que van desde la desaparici\u00f3n de la Comisi\u00f3n hasta su reestructuraci\u00f3n. La primera, aunque suene muy radical, tiene como base el hecho de que poco se ha avanzado en el tema de la defensa de los periodistas y m\u00e1s ha crecido por la queja colectiva de que no los ayudan con su situaci\u00f3n laboral.<\/p>\n\n\n\n<p>Tampoco creo que est\u00e9 todo tan de la patada en la CEAPP; se sabe de gente que se ha beneficiado con cursos, participaci\u00f3n en cert\u00e1menes de fotograf\u00eda, trabajos de investigaci\u00f3n, hasta becas para maestr\u00edas, etc.<\/p>\n\n\n\n<p>Otra parte a considerar es que con la llegada de redes sociales creci\u00f3 en demas\u00eda el n\u00famero de youtubers, feisbuqueros (algunos muy vistos, otros ni los pelan), que usando el membrete de &#8220;PRENSA&#8221; tienden a enga\u00f1ar, a manipular, extorsionar, abaratar el trabajo de quienes profesionalmente se dedican a esto. No digo que tampoco en el gremio existan muchas ovejas negras &#8211;de todo hay en la vi\u00f1a del Se\u00f1or&#8211; pero de repente comenzaron a pulular personajes emp\u00edricos, poco \u00e9ticos, que denigran la labor del oficio period\u00edstico por simple hecho de tener un cacahuatito celular con c\u00e1mara y cuenta del Feis.<\/p>\n\n\n\n<p>En lo personal creo que la CEAPP (aunque su creaci\u00f3n haya sido quiz\u00e1s una mera ocurrencia en el duartismo) s\u00ed marc\u00f3 una pauta importante que ya se ven\u00eda desarrollando en Veracruz para atender a un gremio muy desprotegido en el tema laboral y de seguridad. Por ejemplo, habr\u00e1 que destacar la labor del fallecido abogado Gerardo Perdomo Cueto, quien tuvo una tarea durante el Fidelismo para conciliar periodistas con due\u00f1os de medios; tambi\u00e9n se cre\u00f3 la figura del Fiscal Especializado, que recay\u00f3 en el abogado Mario Delf\u00edn.<\/p>\n\n\n\n<p>A lo mejor la CEAPP lo que necesita es renovarse por completo; que se convirtiera en una especie de defensor\u00eda con abogados especializados en temas laborales o penales (por aquello del tema de seguridad), aunado al trabajo de un Consejo meramente honorario de periodistas, pues otra queja constante es el alto salario que devengan los comisionados por hacer poco o pr\u00e1cticamente nada, sumado a que pareciera una simple oficina burocr\u00e1tica.<\/p>\n\n\n\n<p>La CEAPP se renueva en diciembre y ya incluso est\u00e1n destapando a candidatos, pero creo que antes deber\u00eda haber un profundo an\u00e1lisis del trabajo de la CEAPP, si debe mantener la misma din\u00e1mica, o si debe renovarse o extinguirse, pues tambi\u00e9n tenemos enfrente una pandemia que va para largo y requiere muchos recursos para una poblaci\u00f3n verdaderamente vulnerable.<\/p>\n\n\n\n<p><strong>NOTA PARA PEGAR EN EL REFRI:&nbsp;<\/strong>Se comenta que la secretaria de Turismo de Veracruz, Xochitl Arbes\u00fa, se enferm\u00f3 de COVID19 y por eso se ha mantenido ausente del trabajo. Ya ve que no estuvo en la reuni\u00f3n del gabinete que se hizo en la sala de cine de Casa Veracruz, donde se supone que todos los secretarios de despacho y funcionarios de primer nivel se comprometieron a terminar el sexenio completito&#8230; \u00bfO ser\u00e1 que se ausent\u00f3 para no sumarse a esa promesa? Ya ve que se candidateaba a la alcald\u00eda de Minatitl\u00e1n&#8230;<\/p>\n\n\n\n<p><strong>OTRA NOTA:&nbsp;<\/strong>Que pese a los conflictos de Morena a nivel nacional, el que va muy bien posicionado para ser el pr\u00f3ximo dirigente estatal, sin bronca alguna, va a ser el joven Esteban Ram\u00edrez Zepeta. Este fin de semana tuvo evento en grande en compa\u00f1\u00eda de legisladores federales y locales y militantes del movimiento.<\/p>\n\n\n\n<p><strong>LA \u00daLTIMA PORQUE YA ME PIQU\u00c9 OTRA VEZ CON BREAKING BAD:\u00a0<\/strong>Es domingo, la cadena televisiva ABC y el peri\u00f3dico The Washington Post publicaron sendas encuestas donde Joe Biden, candidato dem\u00f3crata a la Casa Blanca, aventaja en 12 puntos al presidente Donald Trump (54% &#8211; 42%) en intenci\u00f3n del voto rumbo a las elecciones del martes 3 de noviembre de 2020. La famosa joven ambientalista sueca Greta Thunberg pidi\u00f3 este s\u00e1bado a los estadounidenses que tambi\u00e9n voten por el candidato dem\u00f3crata Joe Biden&#8230; y ac\u00e1 en la aldea, el reconocido columnista Salvador Garc\u00eda Soto habla de una amistad cercana entre en el candidato dem\u00f3crata y la familia Alem\u00e1n, de origenes veracruzanos: &#8220;No s\u00f3lo Marcelo Ebrard tiene contactos con los dem\u00f3cratas, el candidato Joe Biden tiene dos amigos personales en M\u00e9xico con quien tiene una relaci\u00f3n de muchos a\u00f1os y de toda la confianza y cercan\u00eda: el empresario Miguel Alem\u00e1n Velasco y su hijo Miguel Alem\u00e1n Magnani. Los Alem\u00e1n y Biden han convivido desde hace muchos a\u00f1os y esa amistad puede tambi\u00e9n ayudar al gobierno lopezobradorista a &#8216;suavizar&#8217; cualquier recelo de los dem\u00f3cratas tras su apuesta a la campa\u00f1a de Trump&#8221;&#8230; Aparte, Don Migue ya le dio su respaldo a Porfirio Mu\u00f1oz Ledo para dirigente de Morena.<\/p>\n\n\n\n<p><strong>@pablojair<\/strong><\/p>\n","protected":false},"excerpt":{"rendered":"<p>+ La secre Xochitl est\u00e1 malita de Covid, comentan.+ Esteban va solito y sin competencia a la dirigencia estatal+ Biden, Greta y los Alem\u00e1n. No pierdan de vista a Lima Franco&#8211;Chopenjawer La Comisi\u00f3n Estatal para la Atenci\u00f3n y Protecci\u00f3n de los Periodistas (CEAPP) se cre\u00f3, durante el sexenio de Javier Duarte en noviembre de 2012, [&hellip;]<\/p>\n","protected":false},"author":1,"featured_media":488,"comment_status":"open","ping_status":"open","sticky":false,"template":"","format":"standard","meta":{"_jetpack_memberships_contains_paid_content":false,"footnotes":""},"categories":[11],"tags":[],"class_list":["post-6797","post","type-post","status-publish","format-standard","has-post-thumbnail","hentry","category-opinion"],"jetpack_featured_media_url":"https:\/\/encuentroinformativo.com.mx\/wp-content\/uploads\/2020\/03\/F471F608-BA1A-416B-BA7B-BCFB24F4E6D0.jpeg","jetpack_sharing_enabled":true,"jetpack_likes_enabled":true,"amp_enabled":true,"_links":{"self":[{"href":"https:\/\/encuentroinformativo.com.mx\/index.php?rest_route=\/wp\/v2\/posts\/6797","targetHints":{"allow":["GET"]}}],"collection":[{"href":"https:\/\/encuentroinformativo.com.mx\/index.php?rest_route=\/wp\/v2\/posts"}],"about":[{"href":"https:\/\/encuentroinformativo.com.mx\/index.php?rest_route=\/wp\/v2\/types\/post"}],"author":[{"embeddable":true,"href":"https:\/\/encuentroinformativo.com.mx\/index.php?rest_route=\/wp\/v2\/users\/1"}],"replies":[{"embeddable":true,"href":"https:\/\/encuentroinformativo.com.mx\/index.php?rest_route=%2Fwp%2Fv2%2Fcomments&post=6797"}],"version-history":[{"count":1,"href":"https:\/\/encuentroinformativo.com.mx\/index.php?rest_route=\/wp\/v2\/posts\/6797\/revisions"}],"predecessor-version":[{"id":6798,"href":"https:\/\/encuentroinformativo.com.mx\/index.php?rest_route=\/wp\/v2\/posts\/6797\/revisions\/6798"}],"wp:featuredmedia":[{"embeddable":true,"href":"https:\/\/encuentroinformativo.com.mx\/index.php?rest_route=\/wp\/v2\/media\/488"}],"wp:attachment":[{"href":"https:\/\/encuentroinformativo.com.mx\/index.php?rest_route=%2Fwp%2Fv2%2Fmedia&parent=6797"}],"wp:term":[{"taxonomy":"category","embeddable":true,"href":"https:\/\/encuentroinformativo.com.mx\/index.php?rest_route=%2Fwp%2Fv2%2Fcategories&post=6797"},{"taxonomy":"post_tag","embeddable":true,"href":"https:\/\/encuentroinformativo.com.mx\/index.php?rest_route=%2Fwp%2Fv2%2Ftags&post=6797"}],"curies":[{"name":"wp","href":"https:\/\/api.w.org\/{rel}","templated":true}]}}