{"id":67993,"date":"2025-06-04T09:46:48","date_gmt":"2025-06-04T15:46:48","guid":{"rendered":"https:\/\/encuentroinformativo.com.mx\/?p=67993"},"modified":"2025-06-04T09:46:48","modified_gmt":"2025-06-04T15:46:48","slug":"jessica-velazquez-rinde-protesta-como-coordinadora-regional-de-ac-magnanimo","status":"publish","type":"post","link":"https:\/\/encuentroinformativo.com.mx\/?p=67993","title":{"rendered":"Jessica Vel\u00e1zquez rinde protesta como Coordinadora Regional de AC Magn\u00e1nimo"},"content":{"rendered":"<p><strong>Alejandro \u00c1vila<\/strong><\/p>\n<p>Veracruz, Ver.- Este martes 3 de junio se tom\u00f3 protesta a las delegaciones de Veracruz, Boca del R\u00edo y Medell\u00edn de Bravo de la Asociaci\u00f3n Civil Magn\u00e1nimo, agrupaci\u00f3n que se dedica a combatir el rezago en Salud, Educaci\u00f3n y Vivienda.<\/p>\n<p>Debido a que el estado de Veracruz se encuentra entre los primeros lugares de personas con diabetes se iniciar\u00e1 un programa a trav\u00e9s de la Asociaci\u00f3n Civil &#8220;Magn\u00e1nimo&#8221; de medicina preventiva, atenci\u00f3n a personas con pie diab\u00e9tico, \u00falceras y lesiones en la piel, inform\u00f3 la Dra. Jessica Vel\u00e1zquez Salda\u00f1a, representante de coordinaci\u00f3n regional.<\/p>\n<p>&#8220;Nuestro primer evento va a ser ahorita en el mes de julio, vamos a hacer un evento de baile para que la gente pueda participar, pueda hacer donaciones y todo lo que se recaude en ese evento va a ser para personas con pie diab\u00e9tico, \u00falceras y lesiones, nos vamos a enfocar m\u00e1s en estos temas porque los que conformamos estas delegaciones somos personal de salud&#8221;, subray\u00f3.<\/p>\n<p>Por su parte, Sergio Fern\u00e1ndez Tome, presidente nacional de Magn\u00e1nimo A.C. &#8220;Por una Nueva Generaci\u00f3n de Bienestar para el Pueblo&#8221;, destac\u00f3 el apoyo de la iniciativa privada para brindar apoyos a la vivienda, educaci\u00f3n y salud.<\/p>\n<p>&#8220;Nosotros manejamos mucho los materiales de apoyo subsidiados para la vivienda, el cemento, morteros y tinacos a bajo costo, menos de lo que cuesta en el mercado (&#8230;) lo hacemos todo de manera altruista,todo lo hacemos con empresarios que bajo convenios nos dan el subsidio para poder d\u00e1rselo a la gente y mantener su econom\u00eda m\u00e1s baja&#8221;, culmin\u00f3.<\/p>\n<p><img loading=\"lazy\" decoding=\"async\" class=\"aligncenter size-medium wp-image-67995\" src=\"https:\/\/encuentroinformativo.com.mx\/wp-content\/uploads\/2025\/06\/IMG-20250604-WA00332-300x136.jpg\" alt=\"\" width=\"300\" height=\"136\" srcset=\"https:\/\/encuentroinformativo.com.mx\/wp-content\/uploads\/2025\/06\/IMG-20250604-WA00332-300x136.jpg 300w, https:\/\/encuentroinformativo.com.mx\/wp-content\/uploads\/2025\/06\/IMG-20250604-WA00332-1024x465.jpg 1024w, https:\/\/encuentroinformativo.com.mx\/wp-content\/uploads\/2025\/06\/IMG-20250604-WA00332-768x349.jpg 768w, https:\/\/encuentroinformativo.com.mx\/wp-content\/uploads\/2025\/06\/IMG-20250604-WA00332-1536x697.jpg 1536w, https:\/\/encuentroinformativo.com.mx\/wp-content\/uploads\/2025\/06\/IMG-20250604-WA00332.jpg 1542w\" sizes=\"auto, (max-width: 300px) 100vw, 300px\" \/><\/p>\n","protected":false},"excerpt":{"rendered":"<p>Alejandro \u00c1vila Veracruz, Ver.- Este martes 3 de junio se tom\u00f3 protesta a las delegaciones de Veracruz, Boca del R\u00edo y Medell\u00edn de Bravo de la Asociaci\u00f3n Civil Magn\u00e1nimo, agrupaci\u00f3n que se dedica a combatir el rezago en Salud, Educaci\u00f3n y Vivienda. Debido a que el estado de Veracruz se encuentra entre los primeros lugares [&hellip;]<\/p>\n","protected":false},"author":2476,"featured_media":67994,"comment_status":"open","ping_status":"open","sticky":false,"template":"","format":"standard","meta":{"_jetpack_memberships_contains_paid_content":false,"footnotes":""},"categories":[2],"tags":[],"class_list":["post-67993","post","type-post","status-publish","format-standard","has-post-thumbnail","hentry","category-estado"],"jetpack_featured_media_url":"https:\/\/encuentroinformativo.com.mx\/wp-content\/uploads\/2025\/06\/IMG-20250604-WA00322.jpg","jetpack_sharing_enabled":true,"jetpack_likes_enabled":true,"amp_enabled":true,"_links":{"self":[{"href":"https:\/\/encuentroinformativo.com.mx\/index.php?rest_route=\/wp\/v2\/posts\/67993","targetHints":{"allow":["GET"]}}],"collection":[{"href":"https:\/\/encuentroinformativo.com.mx\/index.php?rest_route=\/wp\/v2\/posts"}],"about":[{"href":"https:\/\/encuentroinformativo.com.mx\/index.php?rest_route=\/wp\/v2\/types\/post"}],"author":[{"embeddable":true,"href":"https:\/\/encuentroinformativo.com.mx\/index.php?rest_route=\/wp\/v2\/users\/2476"}],"replies":[{"embeddable":true,"href":"https:\/\/encuentroinformativo.com.mx\/index.php?rest_route=%2Fwp%2Fv2%2Fcomments&post=67993"}],"version-history":[{"count":1,"href":"https:\/\/encuentroinformativo.com.mx\/index.php?rest_route=\/wp\/v2\/posts\/67993\/revisions"}],"predecessor-version":[{"id":67996,"href":"https:\/\/encuentroinformativo.com.mx\/index.php?rest_route=\/wp\/v2\/posts\/67993\/revisions\/67996"}],"wp:featuredmedia":[{"embeddable":true,"href":"https:\/\/encuentroinformativo.com.mx\/index.php?rest_route=\/wp\/v2\/media\/67994"}],"wp:attachment":[{"href":"https:\/\/encuentroinformativo.com.mx\/index.php?rest_route=%2Fwp%2Fv2%2Fmedia&parent=67993"}],"wp:term":[{"taxonomy":"category","embeddable":true,"href":"https:\/\/encuentroinformativo.com.mx\/index.php?rest_route=%2Fwp%2Fv2%2Fcategories&post=67993"},{"taxonomy":"post_tag","embeddable":true,"href":"https:\/\/encuentroinformativo.com.mx\/index.php?rest_route=%2Fwp%2Fv2%2Ftags&post=67993"}],"curies":[{"name":"wp","href":"https:\/\/api.w.org\/{rel}","templated":true}]}}