{"id":68004,"date":"2025-06-04T11:16:40","date_gmt":"2025-06-04T17:16:40","guid":{"rendered":"https:\/\/encuentroinformativo.com.mx\/?p=68004"},"modified":"2025-06-04T11:16:40","modified_gmt":"2025-06-04T17:16:40","slug":"nosotros-no-compramos-votos-magdaleno-rosales","status":"publish","type":"post","link":"https:\/\/encuentroinformativo.com.mx\/?p=68004","title":{"rendered":"Nosotros no compramos votos: Magdaleno Rosales"},"content":{"rendered":"<p><strong>Alejandro \u00c1vila<\/strong><\/p>\n<p>Medell\u00edn de Bravo, Ver.- El candidato del Partido del Trabajo en Medell\u00edn de Bravo, Magdaleno Rosales Torres, asegur\u00f3 en un video transmitido en sus redes sociales que, a diferencia de otros actores pol\u00edticos, \u00e9l no compr\u00f3 votos ni manipulo conciencias, por lo que puede caminar por el municipio con la frente en alto.<\/p>\n<p>Sobre la disputa que se llevar\u00e1 a cabo a partir de este mi\u00e9rcoles en la sede del OPLE en Medell\u00edn de Bravo para confirmar al ganador en el PREP o revertir su victoria, solicit\u00f3 a su equipo de trabajo y a su simpatizantes mantenerse al margen.<\/p>\n<p>&#8220;Nosotros no vamos a defender ninguna de las dos posturas, porque los dos candidatos compraron votos, los dos candidatos compraron conciencias, los dos candidatos hicieron un trabajo muy lamentable, de tristeza y de verg\u00fcenza por eso nosotros no vamos a meternos. Nosotros no vamos a convalidar el fraude que hicieron con el dinero, nosotros podemos salir a la calle y mirar a la gente a los ojos, en todo caso, la gente que vendi\u00f3 su voto que vendi\u00f3 su conciencia, no nos va a poder sostener a nosotros la mirada, pero nosotros mirarlos a ellos a los ojos s\u00ed podemos, y podemos caminar libremente por Medell\u00edn con la cara en alto y con mucha dignidad&#8221;, sentenci\u00f3.<\/p>\n<p>Finalmente, Magdaleno Rosales Torres agradeci\u00f3 el apoyo de la dirigencia nacional del PT, as\u00ed como a todos los funcionarios federales, Senadores y Diputados que caminaron con \u00e9l durante el mes de campa\u00f1a.<\/p>\n<p>&#8220;Quiero decirles en este caso a los del Partido del Trabajo abiertamente que me quedo con ustedes, desde la trinchera que vayamos a trabajar quiero decirle a los del Partido del Trabajo que me qued\u00f3 ustedes, no nos vamos a mover, vamos a seguir, m\u00e1s adelante vamos a ver que hacemos, el equipo est\u00e1 muy animado y quieren seguir participando, me est\u00e1n pidiendo que sigamos participando y vamos a hacerlo con el Partido del Trabajo, vamos a quedarnos ah\u00ed, no se preocupen&#8221;, culmin\u00f3.<\/p>\n","protected":false},"excerpt":{"rendered":"<p>Alejandro \u00c1vila Medell\u00edn de Bravo, Ver.- El candidato del Partido del Trabajo en Medell\u00edn de Bravo, Magdaleno Rosales Torres, asegur\u00f3 en un video transmitido en sus redes sociales que, a diferencia de otros actores pol\u00edticos, \u00e9l no compr\u00f3 votos ni manipulo conciencias, por lo que puede caminar por el municipio con la frente en alto. [&hellip;]<\/p>\n","protected":false},"author":2476,"featured_media":68005,"comment_status":"open","ping_status":"open","sticky":false,"template":"","format":"standard","meta":{"_jetpack_memberships_contains_paid_content":false,"footnotes":""},"categories":[2],"tags":[],"class_list":["post-68004","post","type-post","status-publish","format-standard","has-post-thumbnail","hentry","category-estado"],"jetpack_featured_media_url":"https:\/\/encuentroinformativo.com.mx\/wp-content\/uploads\/2025\/06\/IMG-20250604-WA0086.jpg","jetpack_sharing_enabled":true,"jetpack_likes_enabled":true,"amp_enabled":true,"_links":{"self":[{"href":"https:\/\/encuentroinformativo.com.mx\/index.php?rest_route=\/wp\/v2\/posts\/68004","targetHints":{"allow":["GET"]}}],"collection":[{"href":"https:\/\/encuentroinformativo.com.mx\/index.php?rest_route=\/wp\/v2\/posts"}],"about":[{"href":"https:\/\/encuentroinformativo.com.mx\/index.php?rest_route=\/wp\/v2\/types\/post"}],"author":[{"embeddable":true,"href":"https:\/\/encuentroinformativo.com.mx\/index.php?rest_route=\/wp\/v2\/users\/2476"}],"replies":[{"embeddable":true,"href":"https:\/\/encuentroinformativo.com.mx\/index.php?rest_route=%2Fwp%2Fv2%2Fcomments&post=68004"}],"version-history":[{"count":1,"href":"https:\/\/encuentroinformativo.com.mx\/index.php?rest_route=\/wp\/v2\/posts\/68004\/revisions"}],"predecessor-version":[{"id":68006,"href":"https:\/\/encuentroinformativo.com.mx\/index.php?rest_route=\/wp\/v2\/posts\/68004\/revisions\/68006"}],"wp:featuredmedia":[{"embeddable":true,"href":"https:\/\/encuentroinformativo.com.mx\/index.php?rest_route=\/wp\/v2\/media\/68005"}],"wp:attachment":[{"href":"https:\/\/encuentroinformativo.com.mx\/index.php?rest_route=%2Fwp%2Fv2%2Fmedia&parent=68004"}],"wp:term":[{"taxonomy":"category","embeddable":true,"href":"https:\/\/encuentroinformativo.com.mx\/index.php?rest_route=%2Fwp%2Fv2%2Fcategories&post=68004"},{"taxonomy":"post_tag","embeddable":true,"href":"https:\/\/encuentroinformativo.com.mx\/index.php?rest_route=%2Fwp%2Fv2%2Ftags&post=68004"}],"curies":[{"name":"wp","href":"https:\/\/api.w.org\/{rel}","templated":true}]}}