{"id":68007,"date":"2025-06-04T13:12:14","date_gmt":"2025-06-04T19:12:14","guid":{"rendered":"https:\/\/encuentroinformativo.com.mx\/?p=68007"},"modified":"2025-06-04T13:12:14","modified_gmt":"2025-06-04T19:12:14","slug":"inician-recuento-de-votos-en-medellin-de-bravo","status":"publish","type":"post","link":"https:\/\/encuentroinformativo.com.mx\/?p=68007","title":{"rendered":"Inician recuento de votos en Medell\u00edn de Bravo"},"content":{"rendered":"<p><strong>Alejandro \u00c1vila<\/strong><\/p>\n<p>Medell\u00edn de Bravo, Ver.- El candidato de Movimiento Ciudadano a la alcald\u00eda de Medell\u00edn de Bravo, Guillermo Herrada Jim\u00e9nez, se postr\u00f3 ante cientos de simpatizantes que vigilan el actuar del Organismo P\u00fablico Local Electoral (OPLE) en el recuento de votos, posterior a la elecci\u00f3n del pasado 1 de junio.<\/p>\n<p>A ellos les agradeci\u00f3 el trabajo realizado durante los \u00faltimos a\u00f1os y, especific\u00f3, que en Medell\u00edn qued\u00f3 demostrado que la familia Memo es mucho m\u00e1s importante que un partido pol\u00edtico o un gobierno municipal, ya que son los medellinenses quienes con su voto respaldaron el proyecto de Memo Herada, por lo tanto les asegur\u00f3 que \u00e9l pelear\u00e1n con todo, basado en la legalidad.<\/p>\n<p>&#8220;Hemos demostrado que una simple familia que se ha protegido siempre con uni\u00f3n, con respeto pero sobre todo con lealtad, somos m\u00e1s que ellos, a pesar de que ellos tienen un cargo p\u00fablico, a pesar de que ellos tienen una estructura pol\u00edtica, a pesar de que utilizaron todas las ma\u00f1as y toda la corrupci\u00f3n para comprar y para movilizar gente, porque todos y cada uno sabemos lo que hicieron, porque todos y cada uno sabemos que desde una semana antes empezaron a movilizar recurso que no era de ellos, recurso que proviene del presidente municipal y que proviene de nosotros, una semana antes repartieron lavadoras, una semana antes repartieron electrodom\u00e9sticos, una semana antes repartieron triciclos, una semana antes repartieron carretillas, un d\u00eda antes empezaron a movilizar con compra de votos&#8221;, sentenci\u00f3 ante cientos de simpatizantes.<\/p>\n<p>Este mi\u00e9rcoles 4 de junio inici\u00f3 el conteo voto por voto de las casillas del municipio de Medell\u00edn de Bravo; los simpatizantes de Movimiento Ciudadano y Guillermo Herrada Jim\u00e9nez, se encuentran enardecidos a las afueras del recinto sede pues aseguran la elecci\u00f3n les fue robada.<\/p>\n","protected":false},"excerpt":{"rendered":"<p>Alejandro \u00c1vila Medell\u00edn de Bravo, Ver.- El candidato de Movimiento Ciudadano a la alcald\u00eda de Medell\u00edn de Bravo, Guillermo Herrada Jim\u00e9nez, se postr\u00f3 ante cientos de simpatizantes que vigilan el actuar del Organismo P\u00fablico Local Electoral (OPLE) en el recuento de votos, posterior a la elecci\u00f3n del pasado 1 de junio. A ellos les agradeci\u00f3 [&hellip;]<\/p>\n","protected":false},"author":2476,"featured_media":68008,"comment_status":"open","ping_status":"open","sticky":false,"template":"","format":"standard","meta":{"_jetpack_memberships_contains_paid_content":false,"footnotes":""},"categories":[2],"tags":[],"class_list":["post-68007","post","type-post","status-publish","format-standard","has-post-thumbnail","hentry","category-estado"],"jetpack_featured_media_url":"https:\/\/encuentroinformativo.com.mx\/wp-content\/uploads\/2025\/06\/IMG-20250604-WA0135.jpg","jetpack_sharing_enabled":true,"jetpack_likes_enabled":true,"amp_enabled":true,"_links":{"self":[{"href":"https:\/\/encuentroinformativo.com.mx\/index.php?rest_route=\/wp\/v2\/posts\/68007","targetHints":{"allow":["GET"]}}],"collection":[{"href":"https:\/\/encuentroinformativo.com.mx\/index.php?rest_route=\/wp\/v2\/posts"}],"about":[{"href":"https:\/\/encuentroinformativo.com.mx\/index.php?rest_route=\/wp\/v2\/types\/post"}],"author":[{"embeddable":true,"href":"https:\/\/encuentroinformativo.com.mx\/index.php?rest_route=\/wp\/v2\/users\/2476"}],"replies":[{"embeddable":true,"href":"https:\/\/encuentroinformativo.com.mx\/index.php?rest_route=%2Fwp%2Fv2%2Fcomments&post=68007"}],"version-history":[{"count":1,"href":"https:\/\/encuentroinformativo.com.mx\/index.php?rest_route=\/wp\/v2\/posts\/68007\/revisions"}],"predecessor-version":[{"id":68009,"href":"https:\/\/encuentroinformativo.com.mx\/index.php?rest_route=\/wp\/v2\/posts\/68007\/revisions\/68009"}],"wp:featuredmedia":[{"embeddable":true,"href":"https:\/\/encuentroinformativo.com.mx\/index.php?rest_route=\/wp\/v2\/media\/68008"}],"wp:attachment":[{"href":"https:\/\/encuentroinformativo.com.mx\/index.php?rest_route=%2Fwp%2Fv2%2Fmedia&parent=68007"}],"wp:term":[{"taxonomy":"category","embeddable":true,"href":"https:\/\/encuentroinformativo.com.mx\/index.php?rest_route=%2Fwp%2Fv2%2Fcategories&post=68007"},{"taxonomy":"post_tag","embeddable":true,"href":"https:\/\/encuentroinformativo.com.mx\/index.php?rest_route=%2Fwp%2Fv2%2Ftags&post=68007"}],"curies":[{"name":"wp","href":"https:\/\/api.w.org\/{rel}","templated":true}]}}