{"id":68019,"date":"2025-06-04T13:33:10","date_gmt":"2025-06-04T19:33:10","guid":{"rendered":"https:\/\/encuentroinformativo.com.mx\/?p=68019"},"modified":"2025-06-04T13:33:10","modified_gmt":"2025-06-04T19:33:10","slug":"yuri-presenta-nuevo-disco-en-veracruz","status":"publish","type":"post","link":"https:\/\/encuentroinformativo.com.mx\/?p=68019","title":{"rendered":"Yuri presenta nuevo disco en Veracruz"},"content":{"rendered":"<p><strong>Alejandro \u00c1vila<\/strong><\/p>\n<p>Boca del R\u00edo, Ver.- La cantante veracruzana YURI present\u00f3 su nueva producci\u00f3n musical en su tierra natal, un EP que incluye participaciones de artistas de la talla de Paquita la del Barrio, Car\u00edn Le\u00f3n, V\u00edctor Garc\u00eda, Luis \u00c1ngel \u201cEl Flaco\u201d, Edwin Luna y \u00c1ngela Aguilar.<\/p>\n<p>Fue en WTC de Boca del R\u00edo, Veracruz, donde la jaroch\u00edsima YURI sostuvo un encuentro con los numerosos medios de comunicaci\u00f3n, prensa escrita, radio, televisi\u00f3n, medios digitales y fot\u00f3grafos quienes cuestionaron a la llamada \u201cReina Jarocha\u201d sobre su nueva producci\u00f3n.<\/p>\n<p>\u201cTodo empez\u00f3 cuando me hicieron un homenaje muy lindo llamado Celebrando a una Leyenda (2021)\u201d donde hice un dueto con Grupo Firme (\u2026) La disquera le gust\u00f3 y ellos me propusieron hacer el disco con temas de regional mexicano con duetos y yo todav\u00eda lo pens\u00e9, pero vi luego a Shakira, a Maluma y Bad Bunny cantando regional mexicano y me dije \u00a1Porque yo no, claro que s\u00ed!\u201d, dijo la querida cantante veracruzana.<\/p>\n<p>Y agreg\u00f3: \u201cSoy la \u00fanica cantante ochentera con casa disquera. Ya nadie tiene, lo que les agradezco mucho haber hecho estos temas en un g\u00e9nero que me hace crecer, me hace estar y evolucionar como artista\u201d.<\/p>\n<p>Con temas como &#8220;Cheque en Blanco&#8221; junto a Paquita la del Barrio; &#8220;Maldita Primavera&#8221; con \u00c1ngela Aguilar; \u201cY si se quiere ir\u201d con Luis \u00c1ngel \u201cEl Flaco\u201d; \u201cQuien eres t\u00fa\u201d con V\u00edctor Garc\u00eda; \u201cYa no vives en mi\u201d con Edwin Luna y la Trakalosa de Monterrey; \u201cP\u00eddeme\u201d con Grupo Firme y \u201cFue un placer conocerte\u201d con Car\u00edn Le\u00f3n, la veracruzana YURI demuestra su versatilidad y vigencia en el g\u00e9nero regional mexicano. El EP es un recorrido por la m\u00fasica mexicana, con colaboraciones y temas de todas las \u00e9pocas.<\/p>\n<p>&#8220;YURI y sus Amigos del Regional Mexicano&#8221; es un proyecto que celebra la m\u00fasica nacional y la rica herencia cultural de M\u00e9xico. Con su voz y personalidad, Yuri se une a otros exponentes del g\u00e9nero para crear un EP que es un homenaje a la m\u00fasica mexicana.<\/p>\n<p>YURI confirm\u00f3 su concierto \u201cIc\u00f3nica\u201d en el World Trade Center Veracruz el 4 de julio, donde la cantante revive sus grandes \u00e9xitos a trav\u00e9s de los a\u00f1os, incluyendo los vestuarios y coreograf\u00edas originales de cada d\u00e9cada. Se presenta como una celebraci\u00f3n de su carrera, con una producci\u00f3n vanguardista y un recorrido por su trayectoria.<\/p>\n<p>\u201cEn Ic\u00f3nica ver\u00e1n a muchas Yuris, a la Yuri del Apag\u00f3n, a la Yuri de Qu\u00e9 te pasa, a la Yuri Madonesca, es un concierto \u00fanico, con el 60 por ciento de los vestuarios originales, las coreograf\u00edas originales, las escenograf\u00edas ochenteras. Todo es \u00fanico es un gran espect\u00e1culo que no se pueden perder mis paisanos este 4 de julio\u201d, enfatiz\u00f3 la cantante.<\/p>\n","protected":false},"excerpt":{"rendered":"<p>Alejandro \u00c1vila Boca del R\u00edo, Ver.- La cantante veracruzana YURI present\u00f3 su nueva producci\u00f3n musical en su tierra natal, un EP que incluye participaciones de artistas de la talla de Paquita la del Barrio, Car\u00edn Le\u00f3n, V\u00edctor Garc\u00eda, Luis \u00c1ngel \u201cEl Flaco\u201d, Edwin Luna y \u00c1ngela Aguilar. Fue en WTC de Boca del R\u00edo, Veracruz, [&hellip;]<\/p>\n","protected":false},"author":2476,"featured_media":68020,"comment_status":"open","ping_status":"open","sticky":false,"template":"","format":"standard","meta":{"_jetpack_memberships_contains_paid_content":false,"footnotes":""},"categories":[2],"tags":[],"class_list":["post-68019","post","type-post","status-publish","format-standard","has-post-thumbnail","hentry","category-estado"],"jetpack_featured_media_url":"https:\/\/encuentroinformativo.com.mx\/wp-content\/uploads\/2025\/06\/IMG-20250604-WA01642.jpg","jetpack_sharing_enabled":true,"jetpack_likes_enabled":true,"amp_enabled":true,"_links":{"self":[{"href":"https:\/\/encuentroinformativo.com.mx\/index.php?rest_route=\/wp\/v2\/posts\/68019","targetHints":{"allow":["GET"]}}],"collection":[{"href":"https:\/\/encuentroinformativo.com.mx\/index.php?rest_route=\/wp\/v2\/posts"}],"about":[{"href":"https:\/\/encuentroinformativo.com.mx\/index.php?rest_route=\/wp\/v2\/types\/post"}],"author":[{"embeddable":true,"href":"https:\/\/encuentroinformativo.com.mx\/index.php?rest_route=\/wp\/v2\/users\/2476"}],"replies":[{"embeddable":true,"href":"https:\/\/encuentroinformativo.com.mx\/index.php?rest_route=%2Fwp%2Fv2%2Fcomments&post=68019"}],"version-history":[{"count":1,"href":"https:\/\/encuentroinformativo.com.mx\/index.php?rest_route=\/wp\/v2\/posts\/68019\/revisions"}],"predecessor-version":[{"id":68021,"href":"https:\/\/encuentroinformativo.com.mx\/index.php?rest_route=\/wp\/v2\/posts\/68019\/revisions\/68021"}],"wp:featuredmedia":[{"embeddable":true,"href":"https:\/\/encuentroinformativo.com.mx\/index.php?rest_route=\/wp\/v2\/media\/68020"}],"wp:attachment":[{"href":"https:\/\/encuentroinformativo.com.mx\/index.php?rest_route=%2Fwp%2Fv2%2Fmedia&parent=68019"}],"wp:term":[{"taxonomy":"category","embeddable":true,"href":"https:\/\/encuentroinformativo.com.mx\/index.php?rest_route=%2Fwp%2Fv2%2Fcategories&post=68019"},{"taxonomy":"post_tag","embeddable":true,"href":"https:\/\/encuentroinformativo.com.mx\/index.php?rest_route=%2Fwp%2Fv2%2Ftags&post=68019"}],"curies":[{"name":"wp","href":"https:\/\/api.w.org\/{rel}","templated":true}]}}