{"id":68028,"date":"2025-06-04T13:48:22","date_gmt":"2025-06-04T19:48:22","guid":{"rendered":"https:\/\/encuentroinformativo.com.mx\/?p=68028"},"modified":"2025-06-04T13:48:22","modified_gmt":"2025-06-04T19:48:22","slug":"politizan-sucesion-de-rectoria-uv-acusa-senador","status":"publish","type":"post","link":"https:\/\/encuentroinformativo.com.mx\/?p=68028","title":{"rendered":"Politizan sucesi\u00f3n de rector\u00eda UV, acusa Senador"},"content":{"rendered":"<p><strong>Dar\u00edo Pale<\/strong><\/p>\n<p>Xalapa, Ver.- El senador de Morena Manuel Huerta Ladr\u00f3n de Guevara acus\u00f3 que PRI y PAN tienen metidas las manos en la sucesi\u00f3n del pr\u00f3ximo rector de la Universidad Veracruzana (UV), se deshace en elogios para el actual rector Martin Aguilar S\u00e1nchez al calificarlo de plural.<\/p>\n<p>En entrevista el senador se\u00f1al\u00f3 que, \u201cdebemos de ser respetuosos de la autonom\u00eda, tienen un estatuto que, por cierto, no ha renovado el Congreso local en algunos temas, y yo lo que digo es que hay que respetarlo, que ese estatuto la Junta de Gobierno de la Universidad va a marcar hacia adelante\u201d.<\/p>\n<p>En cuanto al trabajo del actual rector de la UV Mart\u00edn Aguilar dijo que a diferencia de otros rectores que se vinculaban mucho a los gobiernos y a los partidos que estaban en el gobierno, y que obviamente, algunos ya despu\u00e9s se enteraron que fueron del PRI, incluso fueron hasta sus candidatos y del PAN.<\/p>\n<p>\u201cEntonces, esos rectores que sirvieron al viejo r\u00e9gimen, pues ahora tienen manifestaciones, est\u00e1n en su derecho, yo por lo que s\u00e9, el rector ha sido un rector de una universidad plural, abierta, diversa, y pues yo soy muy respetuoso de todos, pero ya los tiempos cambiaron en la Cuarta Transformaci\u00f3n, ya no es que se obedezca a un partido\u201d, se\u00f1al\u00f3<\/p>\n<p>\u201cY yo creo que quienes est\u00e1n en los gobiernos o en los partidos se quieren meter en la universidad, que tengan cuidado, que respeten la autonom\u00eda de la universidad\u201d, agreg\u00f3.<\/p>\n<p>Dijo que se enter\u00f3 de que pol\u00edticos se quieren meter a la universidad, los que est\u00e1n metidos en las opiniones de la universidad, esa es la carta de los rectores que militaron en el PRI, el PAN, &#8220;pues a m\u00ed me dicen que son pol\u00edticos de partidos que se quieren meter como universitarios,<br \/>\ny est\u00e1n en su derecho, yo no se lo niego, pero que tengan cuidado y que no politicen, que no se partidicen lo que pasa en la universidad\u201d.<\/p>\n<p>Finalmente Manuel Huerta asegur\u00f3 que ser\u00e1 respetuoso de lo que decida la Junta de Gobierno de la UV, ya que el pr\u00f3ximo rector tomar\u00e1 posesi\u00f3n el 1 de septiembre del 2025.<\/p>\n","protected":false},"excerpt":{"rendered":"<p>Dar\u00edo Pale Xalapa, Ver.- El senador de Morena Manuel Huerta Ladr\u00f3n de Guevara acus\u00f3 que PRI y PAN tienen metidas las manos en la sucesi\u00f3n del pr\u00f3ximo rector de la Universidad Veracruzana (UV), se deshace en elogios para el actual rector Martin Aguilar S\u00e1nchez al calificarlo de plural. En entrevista el senador se\u00f1al\u00f3 que, \u201cdebemos [&hellip;]<\/p>\n","protected":false},"author":2476,"featured_media":58991,"comment_status":"open","ping_status":"open","sticky":false,"template":"","format":"standard","meta":{"_jetpack_memberships_contains_paid_content":false,"footnotes":""},"categories":[2],"tags":[],"class_list":["post-68028","post","type-post","status-publish","format-standard","has-post-thumbnail","hentry","category-estado"],"jetpack_featured_media_url":"https:\/\/encuentroinformativo.com.mx\/wp-content\/uploads\/2024\/09\/IMG-20240927-WA00302.jpg","jetpack_sharing_enabled":true,"jetpack_likes_enabled":true,"amp_enabled":true,"_links":{"self":[{"href":"https:\/\/encuentroinformativo.com.mx\/index.php?rest_route=\/wp\/v2\/posts\/68028","targetHints":{"allow":["GET"]}}],"collection":[{"href":"https:\/\/encuentroinformativo.com.mx\/index.php?rest_route=\/wp\/v2\/posts"}],"about":[{"href":"https:\/\/encuentroinformativo.com.mx\/index.php?rest_route=\/wp\/v2\/types\/post"}],"author":[{"embeddable":true,"href":"https:\/\/encuentroinformativo.com.mx\/index.php?rest_route=\/wp\/v2\/users\/2476"}],"replies":[{"embeddable":true,"href":"https:\/\/encuentroinformativo.com.mx\/index.php?rest_route=%2Fwp%2Fv2%2Fcomments&post=68028"}],"version-history":[{"count":1,"href":"https:\/\/encuentroinformativo.com.mx\/index.php?rest_route=\/wp\/v2\/posts\/68028\/revisions"}],"predecessor-version":[{"id":68029,"href":"https:\/\/encuentroinformativo.com.mx\/index.php?rest_route=\/wp\/v2\/posts\/68028\/revisions\/68029"}],"wp:featuredmedia":[{"embeddable":true,"href":"https:\/\/encuentroinformativo.com.mx\/index.php?rest_route=\/wp\/v2\/media\/58991"}],"wp:attachment":[{"href":"https:\/\/encuentroinformativo.com.mx\/index.php?rest_route=%2Fwp%2Fv2%2Fmedia&parent=68028"}],"wp:term":[{"taxonomy":"category","embeddable":true,"href":"https:\/\/encuentroinformativo.com.mx\/index.php?rest_route=%2Fwp%2Fv2%2Fcategories&post=68028"},{"taxonomy":"post_tag","embeddable":true,"href":"https:\/\/encuentroinformativo.com.mx\/index.php?rest_route=%2Fwp%2Fv2%2Ftags&post=68028"}],"curies":[{"name":"wp","href":"https:\/\/api.w.org\/{rel}","templated":true}]}}