{"id":68039,"date":"2025-06-04T18:39:39","date_gmt":"2025-06-05T00:39:39","guid":{"rendered":"https:\/\/encuentroinformativo.com.mx\/?p=68039"},"modified":"2025-06-04T18:39:39","modified_gmt":"2025-06-05T00:39:39","slug":"exintegrantes-de-la-junta-de-gobierno-piden-aplicar-marco-normativo-para-renovacion-de-rectoria","status":"publish","type":"post","link":"https:\/\/encuentroinformativo.com.mx\/?p=68039","title":{"rendered":"Exintegrantes de la Junta de Gobierno piden aplicar marco normativo para renovaci\u00f3n de rector\u00eda"},"content":{"rendered":"<p><strong>Redacci\u00f3n<\/strong><\/p>\n<p>Xalapa, Ver.- Ante la proximidad para renovarse la rector\u00eda de la Universidad Veracruzana, ex integrantes de la Junta de Gobierno realizan un llamado para seguir el proceso normativo y el cual no le permitir\u00eda la reelecci\u00f3n al actual rector de la M\u00e1xima Casa de Estudios.<\/p>\n<p><strong>Pronunciamiento pu\u0301blico de ex integrantes de la Junta <\/strong><strong>de Gobierno de la Universidad Veracruzana<\/strong><\/p>\n<p>Quienes suscribimos este pronunciamiento hemos tenido el privilegio y la responsabilidad<br \/>\nde haber formado parte, en distintos momentos, de la Junta de Gobierno de nuestra Universidad, \u00f3rgano decisivo en garantizar la continuidad institucional, la estabilidad acade\u0301mica y la legalidad en los procesos de designacio\u0301n de rectoral.<\/p>\n<p>Hoy, desde la conciencia cri\u0301tica que nos otorgan la experiencia y el compromiso con nuestra casa de estudios, expresamos una preocupacio\u0301n compartida: la imperiosa necesidad de que el proceso de designacio\u0301n de la persona titular de la Rectori\u0301a para el periodo 2025-2029 se conduzca en estricto apego al marco normativo que rige a la Universidad y, por supuesto, a la propia Junta de Gobierno.<\/p>\n<p>Por ello, hacemos un llamado respetuoso a la Honorable Junta de Gobierno a que:<br \/>\n1. Publique la convocatoria para el proceso de designacio\u0301n rectoral, conforme a lo que establece la Ley de Autonomi\u0301a (arti\u0301culo 8): dos meses antes de la conclusio\u0301n del presente rectorado.<br \/>\n2. Asegure un proceso claro, transparente, riguroso y abierto de auscultacio\u0301n amplia y plural a los distintos sectores que conforman la comunidad universitaria, con transparencia, permitiendo el debate de valoraciones y proyectos para la Universidad y publicitando las potenciales candidaturas al m\u00e1ximo cargo de nuestra casa de estudios.<br \/>\n3. Observe estrictamente los principios de legalidad, equidad, objetividad e integridad e\u0301tica en la evaluacio\u0301n de los perfiles aspirantes, evitando cualquier influencia externa.<br \/>\n4. Reafirme con hechos su independencia y su compromiso con la autonomi\u0301a institucional, actuando con la libertad de juicio y la solvencia e\u0301tica que han dado legitimidad histo\u0301rica a dicho cuerpo colegiado.<br \/>\nComo exintegrantes de este o\u0301rgano de gobierno, sabemos que cada decisio\u0301n tomada en este proceso no solo impactara\u0301 el rumbo acade\u0301mico de la Universidad Veracruzana,<br \/>\nsino que tambie\u0301n enviara\u0301 un mensaje al pai\u0301s respecto del valor real y vigente de la autonomi\u0301a universitaria.<\/p>\n<p>Junio de 2025<br \/>\nHugo Casanova Cardiel<br \/>\nAdolfo Mart\u00ednez Palomo<br \/>\nRicardo Corzo Ram\u00edrez<br \/>\nEduardo Matos Moctezuma<br \/>\nRagueb Cha\u00edn Revuelta<br \/>\nAlberto Javier Olvera Rivera<br \/>\nCarlos Gonz\u00e1lez G\u00e1ndara<br \/>\nElena Rustri\u00e1n Portilla<br \/>\nLaura Ver\u00f3nica Herrera<br \/>\nFranco Jos\u00e9 Sarukh\u00e1n Kermez<br \/>\nRomualdo L\u00f3pez Z\u00e1rate<br \/>\nAlfredo S\u00e1nchez Casta\u00f1eda<br \/>\nJorge Mart\u00ednez Contreras<br \/>\nAdalberto Tejeda Mart\u00ednez<br \/>\nMargarita Mart\u00ednez G\u00f3mez<br \/>\nDiego Valad\u00e9s<\/p>\n","protected":false},"excerpt":{"rendered":"<p>Redacci\u00f3n Xalapa, Ver.- Ante la proximidad para renovarse la rector\u00eda de la Universidad Veracruzana, ex integrantes de la Junta de Gobierno realizan un llamado para seguir el proceso normativo y el cual no le permitir\u00eda la reelecci\u00f3n al actual rector de la M\u00e1xima Casa de Estudios. Pronunciamiento pu\u0301blico de ex integrantes de la Junta de [&hellip;]<\/p>\n","protected":false},"author":2476,"featured_media":39184,"comment_status":"open","ping_status":"open","sticky":false,"template":"","format":"standard","meta":{"_jetpack_memberships_contains_paid_content":false,"footnotes":""},"categories":[2],"tags":[],"class_list":["post-68039","post","type-post","status-publish","format-standard","has-post-thumbnail","hentry","category-estado"],"jetpack_featured_media_url":"https:\/\/encuentroinformativo.com.mx\/wp-content\/uploads\/2023\/04\/IMG-20230413-WA0046.jpg","jetpack_sharing_enabled":true,"jetpack_likes_enabled":true,"amp_enabled":true,"_links":{"self":[{"href":"https:\/\/encuentroinformativo.com.mx\/index.php?rest_route=\/wp\/v2\/posts\/68039","targetHints":{"allow":["GET"]}}],"collection":[{"href":"https:\/\/encuentroinformativo.com.mx\/index.php?rest_route=\/wp\/v2\/posts"}],"about":[{"href":"https:\/\/encuentroinformativo.com.mx\/index.php?rest_route=\/wp\/v2\/types\/post"}],"author":[{"embeddable":true,"href":"https:\/\/encuentroinformativo.com.mx\/index.php?rest_route=\/wp\/v2\/users\/2476"}],"replies":[{"embeddable":true,"href":"https:\/\/encuentroinformativo.com.mx\/index.php?rest_route=%2Fwp%2Fv2%2Fcomments&post=68039"}],"version-history":[{"count":2,"href":"https:\/\/encuentroinformativo.com.mx\/index.php?rest_route=\/wp\/v2\/posts\/68039\/revisions"}],"predecessor-version":[{"id":68041,"href":"https:\/\/encuentroinformativo.com.mx\/index.php?rest_route=\/wp\/v2\/posts\/68039\/revisions\/68041"}],"wp:featuredmedia":[{"embeddable":true,"href":"https:\/\/encuentroinformativo.com.mx\/index.php?rest_route=\/wp\/v2\/media\/39184"}],"wp:attachment":[{"href":"https:\/\/encuentroinformativo.com.mx\/index.php?rest_route=%2Fwp%2Fv2%2Fmedia&parent=68039"}],"wp:term":[{"taxonomy":"category","embeddable":true,"href":"https:\/\/encuentroinformativo.com.mx\/index.php?rest_route=%2Fwp%2Fv2%2Fcategories&post=68039"},{"taxonomy":"post_tag","embeddable":true,"href":"https:\/\/encuentroinformativo.com.mx\/index.php?rest_route=%2Fwp%2Fv2%2Ftags&post=68039"}],"curies":[{"name":"wp","href":"https:\/\/api.w.org\/{rel}","templated":true}]}}