{"id":68042,"date":"2025-06-04T21:06:29","date_gmt":"2025-06-05T03:06:29","guid":{"rendered":"https:\/\/encuentroinformativo.com.mx\/?p=68042"},"modified":"2025-06-04T21:06:29","modified_gmt":"2025-06-05T03:06:29","slug":"en-alvarado-reafirma-ople-triunfo-de-beto-cobos","status":"publish","type":"post","link":"https:\/\/encuentroinformativo.com.mx\/?p=68042","title":{"rendered":"En Alvarado, reafirma OPLE triunfo de Beto Cobos\u00a0"},"content":{"rendered":"<p><strong>Alejandro \u00c1vila<\/strong><\/p>\n<p>Alvarado, Ver.- Cerca de las 20 horas de este mi\u00e9rcoles 4 de julio, el candidato del Verde, Alberto \u00c1ngel Cobos M\u00e1rquez &#8220;Beto Cobos&#8221;, recibi\u00f3 su constancia de mayor\u00eda por parte del Organismo P\u00fablico Local Electoral (OPLE) que lo acredita como pr\u00f3ximo alcalde del Ayuntamiento de Alvarado.<\/p>\n<p>Tras la solicitud del conteo, el candidato ganador pas\u00f3 a 8 513 votos, con una diferencia de 2 248 votos sobre Polo Deschamps, de Morena.<\/p>\n<p>Posterior a la entrega del acta, Beto Cobos acompa\u00f1ado de su pr\u00f3ximo cuerpo edilicio y cientos de simpatizantes se reunieron en el Fuerte de &#8220;Santa Teresa&#8221;, lugar emblem\u00e1tico en La Generosa.<\/p>\n<p>Beto Cobos se\u00f1al\u00f3 que gobernar\u00e1 para todos, que la campa\u00f1a ya pas\u00f3 y es tiempo de crear la nueva agenda de trabajo.<\/p>\n<p>El triunfo del Partido Verde en Alvarado, es el tercero al hilo, pero en este caso tambi\u00e9n fue la aprobaci\u00f3n para la gesti\u00f3n de la alcaldesa, Lizzette Alvarez Vera, una de las triunfadoras de esta elecci\u00f3n al lograr retener la alcald\u00eda.<\/p>\n","protected":false},"excerpt":{"rendered":"<p>Alejandro \u00c1vila Alvarado, Ver.- Cerca de las 20 horas de este mi\u00e9rcoles 4 de julio, el candidato del Verde, Alberto \u00c1ngel Cobos M\u00e1rquez &#8220;Beto Cobos&#8221;, recibi\u00f3 su constancia de mayor\u00eda por parte del Organismo P\u00fablico Local Electoral (OPLE) que lo acredita como pr\u00f3ximo alcalde del Ayuntamiento de Alvarado. Tras la solicitud del conteo, el candidato [&hellip;]<\/p>\n","protected":false},"author":2476,"featured_media":68043,"comment_status":"open","ping_status":"open","sticky":false,"template":"","format":"standard","meta":{"_jetpack_memberships_contains_paid_content":false,"footnotes":""},"categories":[2],"tags":[],"class_list":["post-68042","post","type-post","status-publish","format-standard","has-post-thumbnail","hentry","category-estado"],"jetpack_featured_media_url":"https:\/\/encuentroinformativo.com.mx\/wp-content\/uploads\/2025\/06\/IMG-20250604-WA04222.jpg","jetpack_sharing_enabled":true,"jetpack_likes_enabled":true,"amp_enabled":true,"_links":{"self":[{"href":"https:\/\/encuentroinformativo.com.mx\/index.php?rest_route=\/wp\/v2\/posts\/68042","targetHints":{"allow":["GET"]}}],"collection":[{"href":"https:\/\/encuentroinformativo.com.mx\/index.php?rest_route=\/wp\/v2\/posts"}],"about":[{"href":"https:\/\/encuentroinformativo.com.mx\/index.php?rest_route=\/wp\/v2\/types\/post"}],"author":[{"embeddable":true,"href":"https:\/\/encuentroinformativo.com.mx\/index.php?rest_route=\/wp\/v2\/users\/2476"}],"replies":[{"embeddable":true,"href":"https:\/\/encuentroinformativo.com.mx\/index.php?rest_route=%2Fwp%2Fv2%2Fcomments&post=68042"}],"version-history":[{"count":1,"href":"https:\/\/encuentroinformativo.com.mx\/index.php?rest_route=\/wp\/v2\/posts\/68042\/revisions"}],"predecessor-version":[{"id":68044,"href":"https:\/\/encuentroinformativo.com.mx\/index.php?rest_route=\/wp\/v2\/posts\/68042\/revisions\/68044"}],"wp:featuredmedia":[{"embeddable":true,"href":"https:\/\/encuentroinformativo.com.mx\/index.php?rest_route=\/wp\/v2\/media\/68043"}],"wp:attachment":[{"href":"https:\/\/encuentroinformativo.com.mx\/index.php?rest_route=%2Fwp%2Fv2%2Fmedia&parent=68042"}],"wp:term":[{"taxonomy":"category","embeddable":true,"href":"https:\/\/encuentroinformativo.com.mx\/index.php?rest_route=%2Fwp%2Fv2%2Fcategories&post=68042"},{"taxonomy":"post_tag","embeddable":true,"href":"https:\/\/encuentroinformativo.com.mx\/index.php?rest_route=%2Fwp%2Fv2%2Ftags&post=68042"}],"curies":[{"name":"wp","href":"https:\/\/api.w.org\/{rel}","templated":true}]}}