{"id":68059,"date":"2025-06-05T08:35:42","date_gmt":"2025-06-05T14:35:42","guid":{"rendered":"https:\/\/encuentroinformativo.com.mx\/?p=68059"},"modified":"2025-06-05T08:35:42","modified_gmt":"2025-06-05T14:35:42","slug":"jamapa-tendra-por-primera-vez-un-gobierno-de-la-4t","status":"publish","type":"post","link":"https:\/\/encuentroinformativo.com.mx\/?p=68059","title":{"rendered":"Jamapa tendr\u00e1 por primera vez un gobierno de la 4T"},"content":{"rendered":"<p><strong>Alejandro \u00c1vila<\/strong><\/p>\n<p>Jamapa, Ver.- Este mi\u00e9rcoles 4 de junio se entreg\u00f3 la constancia de mayor\u00eda a, Reynaldo Fern\u00e1ndez Ortiz, que se convertir\u00e1 en el primer presidente municipal de la Cuarta Transformaci\u00f3n en Jamapa.<\/p>\n<p>El \u00d3rgano P\u00fablico Local Electoral (OPLE) entreg\u00f3 el documento en las instalaciones del consejo municipal, en presencia de representantes de su planilla, simpatizantes, autoridades electorales y ciudadan\u00eda que se dio cita para celebrar el resultado de una contienda hist\u00f3rica.<\/p>\n<p>\u201cEste triunfo no es solo m\u00edo, es de todo el pueblo de Jamapa. Gracias por confiar, por resistir y por votar por un verdadero cambio. A partir de hoy, comienza una nueva etapa de trabajo, unidad y progreso para nuestro municipio\u201d, expres\u00f3 Fern\u00e1ndez Ortiz visiblemente emocionado tras recibir la constancia.<\/p>\n<p>Durante su mensaje, el ahora alcalde electo reafirm\u00f3 su compromiso de construir un gobierno cercano a la gente, transparente, incluyente y enfocado en resolver las necesidades m\u00e1s urgentes de las comunidades jamape\u00f1as.<\/p>\n<p>Reynaldo Fern\u00e1ndez compiti\u00f3 bajo las siglas del partido Morena, logrando una amplia ventaja sobre sus contrincantes, resultado del respaldo ciudadano a su proyecto de transformaci\u00f3n y justicia social para Jamapa.<\/p>\n","protected":false},"excerpt":{"rendered":"<p>Alejandro \u00c1vila Jamapa, Ver.- Este mi\u00e9rcoles 4 de junio se entreg\u00f3 la constancia de mayor\u00eda a, Reynaldo Fern\u00e1ndez Ortiz, que se convertir\u00e1 en el primer presidente municipal de la Cuarta Transformaci\u00f3n en Jamapa. El \u00d3rgano P\u00fablico Local Electoral (OPLE) entreg\u00f3 el documento en las instalaciones del consejo municipal, en presencia de representantes de su planilla, [&hellip;]<\/p>\n","protected":false},"author":2476,"featured_media":68060,"comment_status":"open","ping_status":"open","sticky":false,"template":"","format":"standard","meta":{"_jetpack_memberships_contains_paid_content":false,"footnotes":""},"categories":[2],"tags":[],"class_list":["post-68059","post","type-post","status-publish","format-standard","has-post-thumbnail","hentry","category-estado"],"jetpack_featured_media_url":"https:\/\/encuentroinformativo.com.mx\/wp-content\/uploads\/2025\/06\/IMG-20250605-WA00272.jpg","jetpack_sharing_enabled":true,"jetpack_likes_enabled":true,"amp_enabled":true,"_links":{"self":[{"href":"https:\/\/encuentroinformativo.com.mx\/index.php?rest_route=\/wp\/v2\/posts\/68059","targetHints":{"allow":["GET"]}}],"collection":[{"href":"https:\/\/encuentroinformativo.com.mx\/index.php?rest_route=\/wp\/v2\/posts"}],"about":[{"href":"https:\/\/encuentroinformativo.com.mx\/index.php?rest_route=\/wp\/v2\/types\/post"}],"author":[{"embeddable":true,"href":"https:\/\/encuentroinformativo.com.mx\/index.php?rest_route=\/wp\/v2\/users\/2476"}],"replies":[{"embeddable":true,"href":"https:\/\/encuentroinformativo.com.mx\/index.php?rest_route=%2Fwp%2Fv2%2Fcomments&post=68059"}],"version-history":[{"count":1,"href":"https:\/\/encuentroinformativo.com.mx\/index.php?rest_route=\/wp\/v2\/posts\/68059\/revisions"}],"predecessor-version":[{"id":68061,"href":"https:\/\/encuentroinformativo.com.mx\/index.php?rest_route=\/wp\/v2\/posts\/68059\/revisions\/68061"}],"wp:featuredmedia":[{"embeddable":true,"href":"https:\/\/encuentroinformativo.com.mx\/index.php?rest_route=\/wp\/v2\/media\/68060"}],"wp:attachment":[{"href":"https:\/\/encuentroinformativo.com.mx\/index.php?rest_route=%2Fwp%2Fv2%2Fmedia&parent=68059"}],"wp:term":[{"taxonomy":"category","embeddable":true,"href":"https:\/\/encuentroinformativo.com.mx\/index.php?rest_route=%2Fwp%2Fv2%2Fcategories&post=68059"},{"taxonomy":"post_tag","embeddable":true,"href":"https:\/\/encuentroinformativo.com.mx\/index.php?rest_route=%2Fwp%2Fv2%2Ftags&post=68059"}],"curies":[{"name":"wp","href":"https:\/\/api.w.org\/{rel}","templated":true}]}}