{"id":68074,"date":"2025-06-05T10:37:50","date_gmt":"2025-06-05T16:37:50","guid":{"rendered":"https:\/\/encuentroinformativo.com.mx\/?p=68074"},"modified":"2025-06-05T10:37:50","modified_gmt":"2025-06-05T16:37:50","slug":"revive-alcaldesa-de-alvarado-malas-cuentas-de-bogar-ruiz","status":"publish","type":"post","link":"https:\/\/encuentroinformativo.com.mx\/?p=68074","title":{"rendered":"Revive alcaldesa de Alvarado malas cuentas de Bogar Ruiz"},"content":{"rendered":"<p><strong>Alejandro \u00c1vila<\/strong><\/p>\n<p>Alvarado, Ver.- La alcaldesa de Alvarado, Lizzette \u00c1lvarez Vera no olvida el pleito que tiene con Bogar Ruiz Rosas, reciente candidato de Movimiento Ciudadano y env\u00edo a personal del Ayuntamiento a la Auditor\u00eda Superior de la Federaci\u00f3n (ASF).<\/p>\n<p>En una publicaci\u00f3n presentada en las redes sociales oficiales del Ayuntamiento Alvarado, se inform\u00f3 que se entregaron los resultados finales y observaciones preliminares derivadas de la Auditor\u00eda Integral de los Recursos del Gasto Federalizado de la Administraci\u00f3n 2018 &#8211; 2021, que encabez\u00f3 su antecesor, Bogar Ruiz rosas.<\/p>\n<p>Los resultados arrojaron que la ASF determin\u00f3 un da\u00f1o patrimonial por 392 millones 253 mil 247. 25 pesos, desglosado en rubros como FAISMUN, FORTAMUN, CAPUFE, PFM y recursos de hidrocarburos.<\/p>\n<p>Los resultados se\u00f1alan responsabilidades administrativas y penales para exfuncionarios de dicha administraci\u00f3n, los cuales no se presentaron a atender el llamado de la ASF, lo que es un hecho es que deber\u00e1n rendir cuentas ante las instancias correspondientes menciona la publicaci\u00f3n.<\/p>\n","protected":false},"excerpt":{"rendered":"<p>Alejandro \u00c1vila Alvarado, Ver.- La alcaldesa de Alvarado, Lizzette \u00c1lvarez Vera no olvida el pleito que tiene con Bogar Ruiz Rosas, reciente candidato de Movimiento Ciudadano y env\u00edo a personal del Ayuntamiento a la Auditor\u00eda Superior de la Federaci\u00f3n (ASF). En una publicaci\u00f3n presentada en las redes sociales oficiales del Ayuntamiento Alvarado, se inform\u00f3 que [&hellip;]<\/p>\n","protected":false},"author":2476,"featured_media":68075,"comment_status":"open","ping_status":"open","sticky":false,"template":"","format":"standard","meta":{"_jetpack_memberships_contains_paid_content":false,"footnotes":""},"categories":[2],"tags":[],"class_list":["post-68074","post","type-post","status-publish","format-standard","has-post-thumbnail","hentry","category-estado"],"jetpack_featured_media_url":"https:\/\/encuentroinformativo.com.mx\/wp-content\/uploads\/2025\/06\/IMG-20250605-WA00442.jpg","jetpack_sharing_enabled":true,"jetpack_likes_enabled":true,"amp_enabled":true,"_links":{"self":[{"href":"https:\/\/encuentroinformativo.com.mx\/index.php?rest_route=\/wp\/v2\/posts\/68074","targetHints":{"allow":["GET"]}}],"collection":[{"href":"https:\/\/encuentroinformativo.com.mx\/index.php?rest_route=\/wp\/v2\/posts"}],"about":[{"href":"https:\/\/encuentroinformativo.com.mx\/index.php?rest_route=\/wp\/v2\/types\/post"}],"author":[{"embeddable":true,"href":"https:\/\/encuentroinformativo.com.mx\/index.php?rest_route=\/wp\/v2\/users\/2476"}],"replies":[{"embeddable":true,"href":"https:\/\/encuentroinformativo.com.mx\/index.php?rest_route=%2Fwp%2Fv2%2Fcomments&post=68074"}],"version-history":[{"count":1,"href":"https:\/\/encuentroinformativo.com.mx\/index.php?rest_route=\/wp\/v2\/posts\/68074\/revisions"}],"predecessor-version":[{"id":68076,"href":"https:\/\/encuentroinformativo.com.mx\/index.php?rest_route=\/wp\/v2\/posts\/68074\/revisions\/68076"}],"wp:featuredmedia":[{"embeddable":true,"href":"https:\/\/encuentroinformativo.com.mx\/index.php?rest_route=\/wp\/v2\/media\/68075"}],"wp:attachment":[{"href":"https:\/\/encuentroinformativo.com.mx\/index.php?rest_route=%2Fwp%2Fv2%2Fmedia&parent=68074"}],"wp:term":[{"taxonomy":"category","embeddable":true,"href":"https:\/\/encuentroinformativo.com.mx\/index.php?rest_route=%2Fwp%2Fv2%2Fcategories&post=68074"},{"taxonomy":"post_tag","embeddable":true,"href":"https:\/\/encuentroinformativo.com.mx\/index.php?rest_route=%2Fwp%2Fv2%2Ftags&post=68074"}],"curies":[{"name":"wp","href":"https:\/\/api.w.org\/{rel}","templated":true}]}}