{"id":6808,"date":"2020-10-12T13:22:30","date_gmt":"2020-10-12T18:22:30","guid":{"rendered":"https:\/\/encuentroinformativo.com.mx\/?p=6808"},"modified":"2020-10-12T13:23:01","modified_gmt":"2020-10-12T18:23:01","slug":"senadores-dividen-a-manifestantes-por-la-requisa-en-veracruz-puerto","status":"publish","type":"post","link":"https:\/\/encuentroinformativo.com.mx\/?p=6808","title":{"rendered":"Senadores dividen a manifestantes por la requisa en Veracruz Puerto"},"content":{"rendered":"\n<p><strong>Alejandro \u00c1vila<\/strong><\/p>\n\n\n\n<p>Veracruz, Ver.- Benjam\u00edn Amador, representante de la Coordinadora Sindical Ordinaria de M\u00e9xico, acus\u00f3 que los Senadores de la Rep\u00fablica, Napole\u00f3n G\u00f3mez Urrutia y Dolores Padierna, est\u00e1n manipulando y dividiendo a los grupos sindicales de ex obreros del Puerto de Veracruz que fueron afectado por la requisa en 1991, para que eviten manifestarse contra Gobierno Federal ante las promesas fallidas.<\/p>\n\n\n\n<p>Integrantes de la Uni\u00f3n de Estibadores de Veracruz Puerto, quienes se volvieron a manifestar este lunes en el z\u00f3calo de la ciudad, aseguraron haber votado por Andr\u00e9s Manuel L\u00f3pez Obrador, pues este les prometi\u00f3 hacer justicia por los despidos que se dieron en el sexenio \u201csalinista\u201d; sin embargo, hoy se encuentran decepcionados del Ejecutivo Federal, pues no ha cumplido su promesa.<\/p>\n\n\n\n<p>\u201cEn realidad no son frentes, son creados por el Gobierno para dividirnos, porque ellos no tienen reconocimiento sindical, de hecho ahorita en la Ciudad de M\u00e9xico, estamos luchando porque nos reconozcan, porque est\u00e1n entrometidos el Senador Napole\u00f3n G\u00f3mez Urrutia y la se\u00f1ora Dolores Padierna\u201d, apunt\u00f3.<\/p>\n\n\n\n<p>Los obreros que buscan ser reinstalados en sus puestos, mencionan que su radio de acci\u00f3n laboral, es desde Punta Delgada hasta el Puerto de Alvarado, y solo desean se respeten el contrato colectivo de trabajo que ten\u00edan autorizado en 1991 y que arbitrariamente se los cancelaron.<\/p>\n\n\n\n<p>\u201cEn total eran m\u00e1s de 300 (trabajadores), en la actualidad han muerto m\u00e1s de la mitad, en este momento el sindicato cuenta con 200 trabajadores registrados ante la Secretar\u00eda del Trabajo\u201d.<\/p>\n\n\n\n<p>El vocero confirm\u00f3 que existe otro grupo que se hace llamar tambi\u00e9n, Uni\u00f3n de Estibadores, mismos que hace una semana, asegur\u00f3, invadieron un edificio del gobierno, argumentando que por ley es suyo.<\/p>\n\n\n\n<p>\u201cEsos se\u00f1ores no tienen toma de nota, son esquiroles que est\u00e1n de la mano de Ana Padierna, la hermana de Dolores Padierna, que est\u00e1n tratando de imponer a gente que fue expulsada del sindicato hace m\u00e1s de 10 a\u00f1os, y en esos 10 a\u00f1os ellos no tienen reconocimiento\u201d, culmin\u00f3.<\/p>\n","protected":false},"excerpt":{"rendered":"<p>Alejandro \u00c1vila Veracruz, Ver.- Benjam\u00edn Amador, representante de la Coordinadora Sindical Ordinaria de M\u00e9xico, acus\u00f3 que los Senadores de la Rep\u00fablica, Napole\u00f3n G\u00f3mez Urrutia y Dolores Padierna, est\u00e1n manipulando y dividiendo a los grupos sindicales de ex obreros del Puerto de Veracruz que fueron afectado por la requisa en 1991, para que eviten manifestarse contra [&hellip;]<\/p>\n","protected":false},"author":1,"featured_media":6809,"comment_status":"open","ping_status":"open","sticky":false,"template":"","format":"standard","meta":{"_jetpack_memberships_contains_paid_content":false,"footnotes":""},"categories":[2],"tags":[],"class_list":["post-6808","post","type-post","status-publish","format-standard","has-post-thumbnail","hentry","category-estado"],"jetpack_featured_media_url":"https:\/\/encuentroinformativo.com.mx\/wp-content\/uploads\/2020\/10\/FA0FEE8D-D7CD-4D64-8CF5-24671409BDE0.jpeg","jetpack_sharing_enabled":true,"jetpack_likes_enabled":true,"amp_enabled":true,"_links":{"self":[{"href":"https:\/\/encuentroinformativo.com.mx\/index.php?rest_route=\/wp\/v2\/posts\/6808","targetHints":{"allow":["GET"]}}],"collection":[{"href":"https:\/\/encuentroinformativo.com.mx\/index.php?rest_route=\/wp\/v2\/posts"}],"about":[{"href":"https:\/\/encuentroinformativo.com.mx\/index.php?rest_route=\/wp\/v2\/types\/post"}],"author":[{"embeddable":true,"href":"https:\/\/encuentroinformativo.com.mx\/index.php?rest_route=\/wp\/v2\/users\/1"}],"replies":[{"embeddable":true,"href":"https:\/\/encuentroinformativo.com.mx\/index.php?rest_route=%2Fwp%2Fv2%2Fcomments&post=6808"}],"version-history":[{"count":1,"href":"https:\/\/encuentroinformativo.com.mx\/index.php?rest_route=\/wp\/v2\/posts\/6808\/revisions"}],"predecessor-version":[{"id":6810,"href":"https:\/\/encuentroinformativo.com.mx\/index.php?rest_route=\/wp\/v2\/posts\/6808\/revisions\/6810"}],"wp:featuredmedia":[{"embeddable":true,"href":"https:\/\/encuentroinformativo.com.mx\/index.php?rest_route=\/wp\/v2\/media\/6809"}],"wp:attachment":[{"href":"https:\/\/encuentroinformativo.com.mx\/index.php?rest_route=%2Fwp%2Fv2%2Fmedia&parent=6808"}],"wp:term":[{"taxonomy":"category","embeddable":true,"href":"https:\/\/encuentroinformativo.com.mx\/index.php?rest_route=%2Fwp%2Fv2%2Fcategories&post=6808"},{"taxonomy":"post_tag","embeddable":true,"href":"https:\/\/encuentroinformativo.com.mx\/index.php?rest_route=%2Fwp%2Fv2%2Ftags&post=6808"}],"curies":[{"name":"wp","href":"https:\/\/api.w.org\/{rel}","templated":true}]}}