{"id":68083,"date":"2025-06-05T11:07:35","date_gmt":"2025-06-05T17:07:35","guid":{"rendered":"https:\/\/encuentroinformativo.com.mx\/?p=68083"},"modified":"2025-06-05T11:07:35","modified_gmt":"2025-06-05T17:07:35","slug":"sin-climas-enfermos-del-haev-y-torre-pediatrica","status":"publish","type":"post","link":"https:\/\/encuentroinformativo.com.mx\/?p=68083","title":{"rendered":"Sin climas, enfermos del HAEV y Torre Pedi\u00e1trica"},"content":{"rendered":"<p><strong>Alejandro \u00c1vila<\/strong><\/p>\n<p>Veracruz, Ver.- Una vez m\u00e1s, madres de pacientes oncol\u00f3gicos en la Torre Pedi\u00e1trica denuncian la falta de aire acondicionado en el Hospital Infantil y Hospital de Especialidad de Veracruz.<\/p>\n<p>Se\u00f1alan que el HAEV al menos llevan un mes sin aire acondicionado y, en la Torre Pedi\u00e1trica una semana; en cambio, las \u00e1reas administrativas y las que corresponden al Gobierno de Veracruz, s\u00ed cuentan con la ventilaci\u00f3n adecuada.<\/p>\n<p>&#8220;En el Hospital Regional tenemos ya alrededor de un mes, de lo que yo tengo notificado, en lo que fue quinto piso del \u00e1rea sur del Hospital Regional no se cuenta con clima, Traumatolog\u00eda del Hospital Regional no se cuenta con clima, y no es posible que las \u00e1reas de gobierno tengan clima, que las oficinas tengan clima y los enfermos que en realidad lo necesitan para poder recuperarse est\u00e9n batallando, ni un ventilador tienen se est\u00e1n ahogando de calor. Me gustar\u00eda que vieran la magnitud que hay, tienen las ventanas tapadas con bolsas, con trapos, no hay botes de basura, todos rotos de los fondos hay, contaminaci\u00f3n en estas \u00e1reas, no es posible que ni siquiera para un bote de basura alcance para poder comprar en el hospital&#8221;, sentenci\u00f3 la vocera, Yunuet Yazm\u00edn Segovia Garc\u00eda.<\/p>\n<p>En el Hospital Infantil la situaci\u00f3n es similar o quiz\u00e1 m\u00e1s alarmante, pues se encuentran varios de los pacientes oncol\u00f3gicos menores de edad.<\/p>\n<p>&#8220;En la Torre Pedi\u00e1trica tambi\u00e9n tenemos el problema, empezamos desde lo que es Urgencias, se nos hab\u00eda donado un clima y se nos quit\u00f3 y se fue para un \u00e1rea de gobierno. Yo creo que no es posible que un clima de Urgencias, que es para ni\u00f1os que llegan desde reci\u00e9n nacidos y todo tipo de ni\u00f1os para atenderse no tenga clima, posteriormente lo que es quinto y segundo piso es un horno no hay clima&#8221;, culmin\u00f3.<\/p>\n<p><img loading=\"lazy\" decoding=\"async\" class=\"aligncenter size-medium wp-image-68085\" src=\"https:\/\/encuentroinformativo.com.mx\/wp-content\/uploads\/2025\/06\/IMG-20250605-WA0113-300x169.jpg\" alt=\"\" width=\"300\" height=\"169\" srcset=\"https:\/\/encuentroinformativo.com.mx\/wp-content\/uploads\/2025\/06\/IMG-20250605-WA0113-300x169.jpg 300w, https:\/\/encuentroinformativo.com.mx\/wp-content\/uploads\/2025\/06\/IMG-20250605-WA0113-1024x576.jpg 1024w, https:\/\/encuentroinformativo.com.mx\/wp-content\/uploads\/2025\/06\/IMG-20250605-WA0113-768x432.jpg 768w, https:\/\/encuentroinformativo.com.mx\/wp-content\/uploads\/2025\/06\/IMG-20250605-WA0113.jpg 1280w\" sizes=\"auto, (max-width: 300px) 100vw, 300px\" \/><\/p>\n","protected":false},"excerpt":{"rendered":"<p>Alejandro \u00c1vila Veracruz, Ver.- Una vez m\u00e1s, madres de pacientes oncol\u00f3gicos en la Torre Pedi\u00e1trica denuncian la falta de aire acondicionado en el Hospital Infantil y Hospital de Especialidad de Veracruz. Se\u00f1alan que el HAEV al menos llevan un mes sin aire acondicionado y, en la Torre Pedi\u00e1trica una semana; en cambio, las \u00e1reas administrativas [&hellip;]<\/p>\n","protected":false},"author":2476,"featured_media":68084,"comment_status":"open","ping_status":"open","sticky":false,"template":"","format":"standard","meta":{"_jetpack_memberships_contains_paid_content":false,"footnotes":""},"categories":[9],"tags":[],"class_list":["post-68083","post","type-post","status-publish","format-standard","has-post-thumbnail","hentry","category-salud"],"jetpack_featured_media_url":"https:\/\/encuentroinformativo.com.mx\/wp-content\/uploads\/2025\/06\/IMG-20250605-WA0112.jpg","jetpack_sharing_enabled":true,"jetpack_likes_enabled":true,"amp_enabled":true,"_links":{"self":[{"href":"https:\/\/encuentroinformativo.com.mx\/index.php?rest_route=\/wp\/v2\/posts\/68083","targetHints":{"allow":["GET"]}}],"collection":[{"href":"https:\/\/encuentroinformativo.com.mx\/index.php?rest_route=\/wp\/v2\/posts"}],"about":[{"href":"https:\/\/encuentroinformativo.com.mx\/index.php?rest_route=\/wp\/v2\/types\/post"}],"author":[{"embeddable":true,"href":"https:\/\/encuentroinformativo.com.mx\/index.php?rest_route=\/wp\/v2\/users\/2476"}],"replies":[{"embeddable":true,"href":"https:\/\/encuentroinformativo.com.mx\/index.php?rest_route=%2Fwp%2Fv2%2Fcomments&post=68083"}],"version-history":[{"count":2,"href":"https:\/\/encuentroinformativo.com.mx\/index.php?rest_route=\/wp\/v2\/posts\/68083\/revisions"}],"predecessor-version":[{"id":68087,"href":"https:\/\/encuentroinformativo.com.mx\/index.php?rest_route=\/wp\/v2\/posts\/68083\/revisions\/68087"}],"wp:featuredmedia":[{"embeddable":true,"href":"https:\/\/encuentroinformativo.com.mx\/index.php?rest_route=\/wp\/v2\/media\/68084"}],"wp:attachment":[{"href":"https:\/\/encuentroinformativo.com.mx\/index.php?rest_route=%2Fwp%2Fv2%2Fmedia&parent=68083"}],"wp:term":[{"taxonomy":"category","embeddable":true,"href":"https:\/\/encuentroinformativo.com.mx\/index.php?rest_route=%2Fwp%2Fv2%2Fcategories&post=68083"},{"taxonomy":"post_tag","embeddable":true,"href":"https:\/\/encuentroinformativo.com.mx\/index.php?rest_route=%2Fwp%2Fv2%2Ftags&post=68083"}],"curies":[{"name":"wp","href":"https:\/\/api.w.org\/{rel}","templated":true}]}}