{"id":68088,"date":"2025-06-05T11:33:43","date_gmt":"2025-06-05T17:33:43","guid":{"rendered":"https:\/\/encuentroinformativo.com.mx\/?p=68088"},"modified":"2025-06-05T11:33:43","modified_gmt":"2025-06-05T17:33:43","slug":"tras-cerrada-contienda-triunfo-samuel-acosta-en-medellin-de-bravo","status":"publish","type":"post","link":"https:\/\/encuentroinformativo.com.mx\/?p=68088","title":{"rendered":"Tras cerrada contienda, triunf\u00f3 Samuel Acosta en Medell\u00edn de Bravo"},"content":{"rendered":"<p><strong>Alejandro \u00c1vila<\/strong><\/p>\n<p>Medell\u00edn de Bravo, Ver.- En una cerrada contienda, tras el conteo de votos, el OPLE entreg\u00f3 la constancia de mayor\u00eda a Samuel Acosta Mart\u00ednez, quien se convertir\u00e1 en el pr\u00f3ximo alcalde del municipio de Medell\u00edn de Bravo.<\/p>\n<p>En medio de un ambiente de alegr\u00eda y respaldo ciudadano, Acosta acudi\u00f3 a las instalaciones del OPLE acompa\u00f1ado por su familia, simpatizantes, miembros de su planilla y l\u00edderes de la coalici\u00f3n Morena &#8211; Partido Verde.<\/p>\n<p>\u201cEsta constancia no es m\u00eda, es del pueblo de Medell\u00edn. Es el resultado de una lucha honesta, de una campa\u00f1a cercana, de escuchar a la gente y de caminar con convicci\u00f3n casa por casa\u201d, expres\u00f3 Samuel Acosta tras recibir el documento oficial.<\/p>\n<p>Durante su mensaje, el alcalde electo agradeci\u00f3 a cada ciudadano que confi\u00f3 en su proyecto y reiter\u00f3 su compromiso de encabezar un gobierno de territorio, no de escritorio, en el que las decisiones se tomen junto con el pueblo y se escuche a todos los sectores.<\/p>\n<p>Asimismo, hizo un llamado a la unidad y a dejar atr\u00e1s las divisiones del proceso electoral: \u201cLa campa\u00f1a qued\u00f3 atr\u00e1s, ahora vamos todos juntos por Medell\u00edn. A quienes no votaron por nosotros, les digo: este gobierno tambi\u00e9n ser\u00e1 suyo. Trabajaremos para todos, sin distinci\u00f3n\u201d.<\/p>\n","protected":false},"excerpt":{"rendered":"<p>Alejandro \u00c1vila Medell\u00edn de Bravo, Ver.- En una cerrada contienda, tras el conteo de votos, el OPLE entreg\u00f3 la constancia de mayor\u00eda a Samuel Acosta Mart\u00ednez, quien se convertir\u00e1 en el pr\u00f3ximo alcalde del municipio de Medell\u00edn de Bravo. En medio de un ambiente de alegr\u00eda y respaldo ciudadano, Acosta acudi\u00f3 a las instalaciones del [&hellip;]<\/p>\n","protected":false},"author":2476,"featured_media":68089,"comment_status":"open","ping_status":"open","sticky":false,"template":"","format":"standard","meta":{"_jetpack_memberships_contains_paid_content":false,"footnotes":""},"categories":[2],"tags":[],"class_list":["post-68088","post","type-post","status-publish","format-standard","has-post-thumbnail","hentry","category-estado"],"jetpack_featured_media_url":"https:\/\/encuentroinformativo.com.mx\/wp-content\/uploads\/2025\/06\/IMG-20250605-WA01292.jpg","jetpack_sharing_enabled":true,"jetpack_likes_enabled":true,"amp_enabled":true,"_links":{"self":[{"href":"https:\/\/encuentroinformativo.com.mx\/index.php?rest_route=\/wp\/v2\/posts\/68088","targetHints":{"allow":["GET"]}}],"collection":[{"href":"https:\/\/encuentroinformativo.com.mx\/index.php?rest_route=\/wp\/v2\/posts"}],"about":[{"href":"https:\/\/encuentroinformativo.com.mx\/index.php?rest_route=\/wp\/v2\/types\/post"}],"author":[{"embeddable":true,"href":"https:\/\/encuentroinformativo.com.mx\/index.php?rest_route=\/wp\/v2\/users\/2476"}],"replies":[{"embeddable":true,"href":"https:\/\/encuentroinformativo.com.mx\/index.php?rest_route=%2Fwp%2Fv2%2Fcomments&post=68088"}],"version-history":[{"count":1,"href":"https:\/\/encuentroinformativo.com.mx\/index.php?rest_route=\/wp\/v2\/posts\/68088\/revisions"}],"predecessor-version":[{"id":68090,"href":"https:\/\/encuentroinformativo.com.mx\/index.php?rest_route=\/wp\/v2\/posts\/68088\/revisions\/68090"}],"wp:featuredmedia":[{"embeddable":true,"href":"https:\/\/encuentroinformativo.com.mx\/index.php?rest_route=\/wp\/v2\/media\/68089"}],"wp:attachment":[{"href":"https:\/\/encuentroinformativo.com.mx\/index.php?rest_route=%2Fwp%2Fv2%2Fmedia&parent=68088"}],"wp:term":[{"taxonomy":"category","embeddable":true,"href":"https:\/\/encuentroinformativo.com.mx\/index.php?rest_route=%2Fwp%2Fv2%2Fcategories&post=68088"},{"taxonomy":"post_tag","embeddable":true,"href":"https:\/\/encuentroinformativo.com.mx\/index.php?rest_route=%2Fwp%2Fv2%2Ftags&post=68088"}],"curies":[{"name":"wp","href":"https:\/\/api.w.org\/{rel}","templated":true}]}}