{"id":68091,"date":"2025-06-05T12:46:32","date_gmt":"2025-06-05T18:46:32","guid":{"rendered":"https:\/\/encuentroinformativo.com.mx\/?p=68091"},"modified":"2025-06-05T12:46:32","modified_gmt":"2025-06-05T18:46:32","slug":"carlos-reyes-presidente-municipal-electo-de-la-antigua","status":"publish","type":"post","link":"https:\/\/encuentroinformativo.com.mx\/?p=68091","title":{"rendered":"Carlos Reyes, presidente municipal electo de La Antigua"},"content":{"rendered":"<p><strong>Redacci\u00f3n<\/strong><\/p>\n<p>Cardel, La Antigua, Ver.- La tarde de este mi\u00e9rcoles Carlos Reyes Bret\u00f3n \u201cEl Arqui\u201d recibi\u00f3 la constancia de mayor\u00eda que lo acredita como alcalde electo del municipio de La Antigua.<\/p>\n<p>Acompa\u00f1ado de familiares, integrantes de su planilla y cientos de simpatizantes, el abanderado de Movimiento Ciudadano realiz\u00f3 de manera previa una caravana por las localidades que conforman el municipio partiendo de la comunidad de Loma Iguana.<\/p>\n<p>De forma posterior en caminata acompa\u00f1ado de simpatizantes recorri\u00f3 calles de Cardel para arribar las oficinas del \u00f3rgano local electoral y recibir su constancia que lo acredita como alcalde electo de La Antigua.<\/p>\n<p><img loading=\"lazy\" decoding=\"async\" class=\"aligncenter size-medium wp-image-68093\" src=\"https:\/\/encuentroinformativo.com.mx\/wp-content\/uploads\/2025\/06\/FB_IMG_1749141666284-300x204.jpg\" alt=\"\" width=\"300\" height=\"204\" srcset=\"https:\/\/encuentroinformativo.com.mx\/wp-content\/uploads\/2025\/06\/FB_IMG_1749141666284-300x204.jpg 300w, https:\/\/encuentroinformativo.com.mx\/wp-content\/uploads\/2025\/06\/FB_IMG_1749141666284-1024x698.jpg 1024w, https:\/\/encuentroinformativo.com.mx\/wp-content\/uploads\/2025\/06\/FB_IMG_1749141666284-768x523.jpg 768w, https:\/\/encuentroinformativo.com.mx\/wp-content\/uploads\/2025\/06\/FB_IMG_1749141666284.jpg 1080w\" sizes=\"auto, (max-width: 300px) 100vw, 300px\" \/><\/p>\n","protected":false},"excerpt":{"rendered":"<p>Redacci\u00f3n Cardel, La Antigua, Ver.- La tarde de este mi\u00e9rcoles Carlos Reyes Bret\u00f3n \u201cEl Arqui\u201d recibi\u00f3 la constancia de mayor\u00eda que lo acredita como alcalde electo del municipio de La Antigua. Acompa\u00f1ado de familiares, integrantes de su planilla y cientos de simpatizantes, el abanderado de Movimiento Ciudadano realiz\u00f3 de manera previa una caravana por las [&hellip;]<\/p>\n","protected":false},"author":2476,"featured_media":68092,"comment_status":"open","ping_status":"open","sticky":false,"template":"","format":"standard","meta":{"_jetpack_memberships_contains_paid_content":false,"footnotes":""},"categories":[8],"tags":[],"class_list":["post-68091","post","type-post","status-publish","format-standard","has-post-thumbnail","hentry","category-region"],"jetpack_featured_media_url":"https:\/\/encuentroinformativo.com.mx\/wp-content\/uploads\/2025\/06\/FB_IMG_1749141687168.jpg","jetpack_sharing_enabled":true,"jetpack_likes_enabled":true,"amp_enabled":true,"_links":{"self":[{"href":"https:\/\/encuentroinformativo.com.mx\/index.php?rest_route=\/wp\/v2\/posts\/68091","targetHints":{"allow":["GET"]}}],"collection":[{"href":"https:\/\/encuentroinformativo.com.mx\/index.php?rest_route=\/wp\/v2\/posts"}],"about":[{"href":"https:\/\/encuentroinformativo.com.mx\/index.php?rest_route=\/wp\/v2\/types\/post"}],"author":[{"embeddable":true,"href":"https:\/\/encuentroinformativo.com.mx\/index.php?rest_route=\/wp\/v2\/users\/2476"}],"replies":[{"embeddable":true,"href":"https:\/\/encuentroinformativo.com.mx\/index.php?rest_route=%2Fwp%2Fv2%2Fcomments&post=68091"}],"version-history":[{"count":1,"href":"https:\/\/encuentroinformativo.com.mx\/index.php?rest_route=\/wp\/v2\/posts\/68091\/revisions"}],"predecessor-version":[{"id":68094,"href":"https:\/\/encuentroinformativo.com.mx\/index.php?rest_route=\/wp\/v2\/posts\/68091\/revisions\/68094"}],"wp:featuredmedia":[{"embeddable":true,"href":"https:\/\/encuentroinformativo.com.mx\/index.php?rest_route=\/wp\/v2\/media\/68092"}],"wp:attachment":[{"href":"https:\/\/encuentroinformativo.com.mx\/index.php?rest_route=%2Fwp%2Fv2%2Fmedia&parent=68091"}],"wp:term":[{"taxonomy":"category","embeddable":true,"href":"https:\/\/encuentroinformativo.com.mx\/index.php?rest_route=%2Fwp%2Fv2%2Fcategories&post=68091"},{"taxonomy":"post_tag","embeddable":true,"href":"https:\/\/encuentroinformativo.com.mx\/index.php?rest_route=%2Fwp%2Fv2%2Ftags&post=68091"}],"curies":[{"name":"wp","href":"https:\/\/api.w.org\/{rel}","templated":true}]}}