{"id":68095,"date":"2025-06-05T13:17:48","date_gmt":"2025-06-05T19:17:48","guid":{"rendered":"https:\/\/encuentroinformativo.com.mx\/?p=68095"},"modified":"2025-06-05T13:17:48","modified_gmt":"2025-06-05T19:17:48","slug":"rechazan-ex-alumnos-uv-intento-de-rector-por-mantenerse-en-el-cargo","status":"publish","type":"post","link":"https:\/\/encuentroinformativo.com.mx\/?p=68095","title":{"rendered":"Rechazan ex alumnos UV intento de rector por mantenerse en el cargo"},"content":{"rendered":"<p><strong>Dar\u00edo Pale<\/strong><\/p>\n<p>Xalapa, Ver.- Violeta Pe\u00f1a Guti\u00e9rrez, egresada del doctorado en Ciencia del Comportamiento de la Universidad Veracruzana, dio a conocer que tanto alumnos, ex alumnos e integrantes de la comunidad acad\u00e9mica est\u00e1n en contra de la reelecci\u00f3n del Rector de la UV, Mart\u00edn Aguilar S\u00e1nchez.<\/p>\n<p>En conferencia de prensa, consider\u00f3 importante como reflexi\u00f3n p\u00fablica y acad\u00e9mica, una es acerca de aquello que decidi\u00f3 extinguirse, Centro de Estudios e Investigaciones en Conocimiento y Aprendizaje Humano (CEICAH), fue un centro de investigaciones con reconocimiento internacional, perteneciendo la mayor\u00eda de sus acad\u00e9micos al Sistema Nacional de Investigadores.<\/p>\n<p>La infraestructura del CEICAH permiti\u00f3 a sus alumnos producir publicaciones de impacto internacional, presentar ponencias en congresos nacionales e internacionales como resultado de sus investigaciones, favoreciendo haciendo su pertinencia al Programa Nacional de Posgrados de Calidad.<\/p>\n<p>\u201cEl alcance acad\u00e9mico del CEICAH se vio reflejado a nivel Latinoam\u00e9rica teniendo representaci\u00f3n directa en Per\u00fa, Colombia, Brasil, Rep\u00fablica Mexicana, estados como Baja California y Aguascalientes, Jalisco, Hidalgo, la Ciudad de M\u00e9xico, el Estado de M\u00e9xico y por supuesto Veracruz\u201d, se\u00f1al\u00f3.<\/p>\n<p>Por lo anterior record\u00f3 que el actual rector Mart\u00edn Aguilar que en uno de los actos m\u00e1s ins\u00f3litos cometidos en su gesti\u00f3n actu\u00f3 en contra de la propia UV, y de la sociedad es haber solicitado la desaparici\u00f3n del CEICAH.<\/p>\n<p>\u201cEl acuerdo rectoral de extinci\u00f3n del centro de estudios investigaciones en conocimiento y aprendizaje humano CEICAH con fecha del 6 de abril de 2022 a\u00fan no ratificado por el Consejo Universitario General, extinguir un centro de investigaci\u00f3n de excelencia as\u00ed valorado por agencias nacionales e internacionales competentes solamente se explica como un acto centrado en la administraci\u00f3n universitaria como fin en s\u00ed mismo\u201d, acus\u00f3.<\/p>\n<p>Dijo que la extinci\u00f3n unilateral del CEICAH en la plenitud de su madurez acad\u00e9mica por razones totalmente ajenas a sus funciones universitarias y sociales es la expresi\u00f3n m\u00e1s clara del car\u00e1cter intolerante y autoritario de la administraci\u00f3n de Mart\u00edn Aguilar.<\/p>\n<p>Este pr\u00f3ximo viernes, 6 de junio, sesionar\u00e1 el Consejo Universitario General, donde con este mismo talante autoritario y burocr\u00e1tico se propondr\u00e1 al pleno la ratificaci\u00f3n del acuerdo de extinci\u00f3n del CEICAH.<\/p>\n<p>Finalmente se\u00f1al\u00f3 que, \u201cser\u00e1 el voto de cada uno de los miembros del Consejo Universitario, lo que decidir\u00e1 a partir de la informaci\u00f3n parcial inexacta, ambigua y carente de pruebas del acuerdo, ignorando totalmente a la parte afectada, estudiantes, investigadores y personal administrativo, la continuidad o el exterminio de una instituci\u00f3n de excelencia acad\u00e9mica de la UV por motivos e intereses ajenos a su desempe\u00f1o acad\u00e9mico y social\u201d.<\/p>\n","protected":false},"excerpt":{"rendered":"<p>Dar\u00edo Pale Xalapa, Ver.- Violeta Pe\u00f1a Guti\u00e9rrez, egresada del doctorado en Ciencia del Comportamiento de la Universidad Veracruzana, dio a conocer que tanto alumnos, ex alumnos e integrantes de la comunidad acad\u00e9mica est\u00e1n en contra de la reelecci\u00f3n del Rector de la UV, Mart\u00edn Aguilar S\u00e1nchez. En conferencia de prensa, consider\u00f3 importante como reflexi\u00f3n p\u00fablica [&hellip;]<\/p>\n","protected":false},"author":2476,"featured_media":68096,"comment_status":"open","ping_status":"open","sticky":false,"template":"","format":"standard","meta":{"_jetpack_memberships_contains_paid_content":false,"footnotes":""},"categories":[3],"tags":[],"class_list":["post-68095","post","type-post","status-publish","format-standard","has-post-thumbnail","hentry","category-xalapa"],"jetpack_featured_media_url":"https:\/\/encuentroinformativo.com.mx\/wp-content\/uploads\/2025\/06\/IMG-20250605-WA0176.jpg","jetpack_sharing_enabled":true,"jetpack_likes_enabled":true,"amp_enabled":true,"_links":{"self":[{"href":"https:\/\/encuentroinformativo.com.mx\/index.php?rest_route=\/wp\/v2\/posts\/68095","targetHints":{"allow":["GET"]}}],"collection":[{"href":"https:\/\/encuentroinformativo.com.mx\/index.php?rest_route=\/wp\/v2\/posts"}],"about":[{"href":"https:\/\/encuentroinformativo.com.mx\/index.php?rest_route=\/wp\/v2\/types\/post"}],"author":[{"embeddable":true,"href":"https:\/\/encuentroinformativo.com.mx\/index.php?rest_route=\/wp\/v2\/users\/2476"}],"replies":[{"embeddable":true,"href":"https:\/\/encuentroinformativo.com.mx\/index.php?rest_route=%2Fwp%2Fv2%2Fcomments&post=68095"}],"version-history":[{"count":1,"href":"https:\/\/encuentroinformativo.com.mx\/index.php?rest_route=\/wp\/v2\/posts\/68095\/revisions"}],"predecessor-version":[{"id":68097,"href":"https:\/\/encuentroinformativo.com.mx\/index.php?rest_route=\/wp\/v2\/posts\/68095\/revisions\/68097"}],"wp:featuredmedia":[{"embeddable":true,"href":"https:\/\/encuentroinformativo.com.mx\/index.php?rest_route=\/wp\/v2\/media\/68096"}],"wp:attachment":[{"href":"https:\/\/encuentroinformativo.com.mx\/index.php?rest_route=%2Fwp%2Fv2%2Fmedia&parent=68095"}],"wp:term":[{"taxonomy":"category","embeddable":true,"href":"https:\/\/encuentroinformativo.com.mx\/index.php?rest_route=%2Fwp%2Fv2%2Fcategories&post=68095"},{"taxonomy":"post_tag","embeddable":true,"href":"https:\/\/encuentroinformativo.com.mx\/index.php?rest_route=%2Fwp%2Fv2%2Ftags&post=68095"}],"curies":[{"name":"wp","href":"https:\/\/api.w.org\/{rel}","templated":true}]}}