{"id":68098,"date":"2025-06-05T13:24:30","date_gmt":"2025-06-05T19:24:30","guid":{"rendered":"https:\/\/encuentroinformativo.com.mx\/?p=68098"},"modified":"2025-06-05T13:24:30","modified_gmt":"2025-06-05T19:24:30","slug":"se-desarrolla-proceso-legal-en-caso-de-prepa-juarez-tello","status":"publish","type":"post","link":"https:\/\/encuentroinformativo.com.mx\/?p=68098","title":{"rendered":"Se desarrolla proceso legal en caso de Prepa Ju\u00e1rez: Tello"},"content":{"rendered":"<p><strong>Dar\u00edo Pale<\/strong><\/p>\n<p>Xalapa, Ver.- La titular de la Secretar\u00eda de Educaci\u00f3n de Veracruz (SEV), Claudia Tello Espinosa dio a conocer que tienen que esperar que el proceso de investigaci\u00f3n termine y en 10 d\u00edas vamos a tener a los adultos y a los padres de familia del Colegio Preparatorio de Xalapa.<\/p>\n<p>En entrevista se\u00f1al\u00f3 que, \u201csolamente se est\u00e1 desarrollando el protocolo legal que debemos de hacer, estamos obligados en la Secretar\u00eda de Educaci\u00f3n, no tenemos nada en contra del director, no queremos algo con una maestra o un maestro, nosotros somos totalmente respetuosos de lo que es el examen que se presenta, la lista de prelaci\u00f3n y el lugar que se les otorga\u201d.<\/p>\n<p>Dijo que, \u201clo \u00fanico que debemos de hacer es esperar que el proceso de investigaci\u00f3n termine y en 10 d\u00edas vamos a tener a los adultos y a los padres de familia d\u00e1ndoles la informaci\u00f3n pertinente de la investigaci\u00f3n que hayan desarrollado\u201d.<\/p>\n<p>Dijo que no conoce al director del CPX, pero ha hecho algunas cosas que no son bien vistas.<\/p>\n<p>\u201cLa verdad es que no conozco al director, creo que hace algunas cosas que no son las debidas, c\u00f3mo pues incitar a los alumnos, miren nosotros tenemos una tarea muy importante como adultos que es dirigirlos, hacerlos cr\u00edticos, responsables, trabajadores y bueno \u00e9l no tiene ning\u00fan problema, el maestro debe de estar tranquilo\u201d, se\u00f1al\u00f3.<\/p>\n<p>Lo \u00fanico que tiene que hacer es que el proceso que se inici\u00f3 por la denuncia de una madre de familia debe de continuar pero no es porque tengan algo en su contra y los alumnos ya est\u00e1n en clases normales.<\/p>\n<p>En otro orden de ideas en lo que se refiere a la entrega de las medallas por los a\u00f1os de servicio docente coment\u00f3 que, el lunes van a entregar las medallas que faltaban a los maestros de 40 a\u00f1os, son federales.<\/p>\n<p>Finalmente coment\u00f3, \u201crecuerdan ustedes que no llegaron esas medallas de M\u00e9xico y entonces nosotros ten\u00edamos que esperar, son 600 medallas, de las cuales entregamos 2 mil 400, el d\u00eda que tuvimos el desayuno con los maestros, ya nada m\u00e1s nos faltaban este poquito\u201d.<\/p>\n","protected":false},"excerpt":{"rendered":"<p>Dar\u00edo Pale Xalapa, Ver.- La titular de la Secretar\u00eda de Educaci\u00f3n de Veracruz (SEV), Claudia Tello Espinosa dio a conocer que tienen que esperar que el proceso de investigaci\u00f3n termine y en 10 d\u00edas vamos a tener a los adultos y a los padres de familia del Colegio Preparatorio de Xalapa. En entrevista se\u00f1al\u00f3 que, [&hellip;]<\/p>\n","protected":false},"author":2476,"featured_media":68099,"comment_status":"open","ping_status":"open","sticky":false,"template":"","format":"standard","meta":{"_jetpack_memberships_contains_paid_content":false,"footnotes":""},"categories":[3],"tags":[],"class_list":["post-68098","post","type-post","status-publish","format-standard","has-post-thumbnail","hentry","category-xalapa"],"jetpack_featured_media_url":"https:\/\/encuentroinformativo.com.mx\/wp-content\/uploads\/2025\/06\/IMG-20250605-WA01862.jpg","jetpack_sharing_enabled":true,"jetpack_likes_enabled":true,"amp_enabled":true,"_links":{"self":[{"href":"https:\/\/encuentroinformativo.com.mx\/index.php?rest_route=\/wp\/v2\/posts\/68098","targetHints":{"allow":["GET"]}}],"collection":[{"href":"https:\/\/encuentroinformativo.com.mx\/index.php?rest_route=\/wp\/v2\/posts"}],"about":[{"href":"https:\/\/encuentroinformativo.com.mx\/index.php?rest_route=\/wp\/v2\/types\/post"}],"author":[{"embeddable":true,"href":"https:\/\/encuentroinformativo.com.mx\/index.php?rest_route=\/wp\/v2\/users\/2476"}],"replies":[{"embeddable":true,"href":"https:\/\/encuentroinformativo.com.mx\/index.php?rest_route=%2Fwp%2Fv2%2Fcomments&post=68098"}],"version-history":[{"count":1,"href":"https:\/\/encuentroinformativo.com.mx\/index.php?rest_route=\/wp\/v2\/posts\/68098\/revisions"}],"predecessor-version":[{"id":68100,"href":"https:\/\/encuentroinformativo.com.mx\/index.php?rest_route=\/wp\/v2\/posts\/68098\/revisions\/68100"}],"wp:featuredmedia":[{"embeddable":true,"href":"https:\/\/encuentroinformativo.com.mx\/index.php?rest_route=\/wp\/v2\/media\/68099"}],"wp:attachment":[{"href":"https:\/\/encuentroinformativo.com.mx\/index.php?rest_route=%2Fwp%2Fv2%2Fmedia&parent=68098"}],"wp:term":[{"taxonomy":"category","embeddable":true,"href":"https:\/\/encuentroinformativo.com.mx\/index.php?rest_route=%2Fwp%2Fv2%2Fcategories&post=68098"},{"taxonomy":"post_tag","embeddable":true,"href":"https:\/\/encuentroinformativo.com.mx\/index.php?rest_route=%2Fwp%2Fv2%2Ftags&post=68098"}],"curies":[{"name":"wp","href":"https:\/\/api.w.org\/{rel}","templated":true}]}}