{"id":68101,"date":"2025-06-05T13:49:02","date_gmt":"2025-06-05T19:49:02","guid":{"rendered":"https:\/\/encuentroinformativo.com.mx\/?p=68101"},"modified":"2025-06-05T13:49:02","modified_gmt":"2025-06-05T19:49:02","slug":"en-escalinatas-de-catedral-recuerdan-tragedia-de-guarderia-abc","status":"publish","type":"post","link":"https:\/\/encuentroinformativo.com.mx\/?p=68101","title":{"rendered":"En escalinatas de catedral, recuerdan tragedia de Guarder\u00eda ABC"},"content":{"rendered":"<p><strong>Dar\u00edo Pale<\/strong><\/p>\n<p>Xalapa, Ver.- A 16 a\u00f1os de la tragedia de la guarder\u00eda ABC en Hermosillo, padres y madres de familia que han acompa\u00f1ado a los pap\u00e1s de las v\u00edctimas, se manifestaron en las escalinatas de la Catedral Metropolitana para exigir la aplicaci\u00f3n de la Ley.<\/p>\n<p>Entrevistada durante la manifestaci\u00f3n la se\u00f1ora Lorena, dio a conocer que, \u201choy, 5 de junio, es una fecha que nos conmueve profundamente y nos recuerda una de las tragedias m\u00e1s dolorosas en la historia de nuestro pa\u00eds, el incendio de la guarder\u00eda ABC en Hermosillo, Sonora, hace 16 a\u00f1os la negligencia y la impunidad arrebataron la vida de 49 ni\u00f1as y ni\u00f1os y dejaron a m\u00e1s de 100 con lesiones que marcaron sus vidas para siempre\u201d.<\/p>\n<p>Por lo anterior exigieron la aplicaci\u00f3n de la Ley 5 de Junio, que define que las y los menores tienen derecho a la satisfacci\u00f3n de sus necesidades, de alimentaci\u00f3n, salud, educaci\u00f3n y sano esparcimiento para su desarrollo integral.<\/p>\n<p>Los padres de familia, quienes han acompa\u00f1ado a los pap\u00e1s de los peque\u00f1os durante todos estos a\u00f1os, definieron que la sociedad debe seguir alzando la voz para evitar la tragedia ocurrida por la negligencia y la impunidad que arrebataron la vida de 49 ni\u00f1as y ni\u00f1os y que dejaron a m\u00e1s de cien con lesiones que marcaron sus vidas para siempre.<\/p>\n<p>Al nombrar a todas y cada una de las v\u00edctimas \u201cque no debi\u00f3 morir\u201d, recordaron que los hechos ocurrieron en el gobierno de Felipe Calder\u00f3n Hinojosa, periodo en el que se otorgaron los permisos para abrir la guarder\u00eda a Sandra Lucia T\u00e9llez Nieves y a Marcia Matilde Altagracia G\u00f3mez del Campo, \u00e9sta \u00faltima, familiar de Margarita Zavala, esposa de Calder\u00f3n.<\/p>\n<p>\u201cEste d\u00eda no es s\u00f3lo es para recordar a las v\u00edctimas y demostrar nuestra solidaridad con sus familias, quienes han luchado incansablemente hasta hoy por una justicia que no ha llegado; es tambi\u00e9n un d\u00eda para reflexionar sobre la importancia y la seguridad de nuestros hijos e hijas\u201d, coment\u00f3.<\/p>\n<p>Fue as\u00ed que exigi\u00f3 que las autoridades garanticen espacios seguros para la infancia, libres de todo tipo de peligros que puedan vulnerar su bienestar, ya sea f\u00edsico o emocional.<\/p>\n<p>Cit\u00f3 como ejemplo que en Xalapa, en la escuela primaria Manuel R. Guti\u00e9rrez, que junto a ella instalaron oficinas del IPAX, cuartel de polic\u00edas privados, donde hay armas a la vista, sin ning\u00fan tipo de restricci\u00f3n para los ni\u00f1os que asisten a la escuela.<\/p>\n<p>Finalmente coment\u00f3 que, \u201ces por ello que sociedad y Gobierno debemos comprometernos a impulsar y construir un futuro donde la vida, el cuidado, la educaci\u00f3n y respeto de nuestros ni\u00f1os y ni\u00f1as, sea siempre la prioridad\u201d.<\/p>\n","protected":false},"excerpt":{"rendered":"<p>Dar\u00edo Pale Xalapa, Ver.- A 16 a\u00f1os de la tragedia de la guarder\u00eda ABC en Hermosillo, padres y madres de familia que han acompa\u00f1ado a los pap\u00e1s de las v\u00edctimas, se manifestaron en las escalinatas de la Catedral Metropolitana para exigir la aplicaci\u00f3n de la Ley. Entrevistada durante la manifestaci\u00f3n la se\u00f1ora Lorena, dio a [&hellip;]<\/p>\n","protected":false},"author":2476,"featured_media":68102,"comment_status":"open","ping_status":"open","sticky":false,"template":"","format":"standard","meta":{"_jetpack_memberships_contains_paid_content":false,"footnotes":""},"categories":[3],"tags":[],"class_list":["post-68101","post","type-post","status-publish","format-standard","has-post-thumbnail","hentry","category-xalapa"],"jetpack_featured_media_url":"https:\/\/encuentroinformativo.com.mx\/wp-content\/uploads\/2025\/06\/IMG-20250605-WA0227.jpg","jetpack_sharing_enabled":true,"jetpack_likes_enabled":true,"amp_enabled":true,"_links":{"self":[{"href":"https:\/\/encuentroinformativo.com.mx\/index.php?rest_route=\/wp\/v2\/posts\/68101","targetHints":{"allow":["GET"]}}],"collection":[{"href":"https:\/\/encuentroinformativo.com.mx\/index.php?rest_route=\/wp\/v2\/posts"}],"about":[{"href":"https:\/\/encuentroinformativo.com.mx\/index.php?rest_route=\/wp\/v2\/types\/post"}],"author":[{"embeddable":true,"href":"https:\/\/encuentroinformativo.com.mx\/index.php?rest_route=\/wp\/v2\/users\/2476"}],"replies":[{"embeddable":true,"href":"https:\/\/encuentroinformativo.com.mx\/index.php?rest_route=%2Fwp%2Fv2%2Fcomments&post=68101"}],"version-history":[{"count":1,"href":"https:\/\/encuentroinformativo.com.mx\/index.php?rest_route=\/wp\/v2\/posts\/68101\/revisions"}],"predecessor-version":[{"id":68103,"href":"https:\/\/encuentroinformativo.com.mx\/index.php?rest_route=\/wp\/v2\/posts\/68101\/revisions\/68103"}],"wp:featuredmedia":[{"embeddable":true,"href":"https:\/\/encuentroinformativo.com.mx\/index.php?rest_route=\/wp\/v2\/media\/68102"}],"wp:attachment":[{"href":"https:\/\/encuentroinformativo.com.mx\/index.php?rest_route=%2Fwp%2Fv2%2Fmedia&parent=68101"}],"wp:term":[{"taxonomy":"category","embeddable":true,"href":"https:\/\/encuentroinformativo.com.mx\/index.php?rest_route=%2Fwp%2Fv2%2Fcategories&post=68101"},{"taxonomy":"post_tag","embeddable":true,"href":"https:\/\/encuentroinformativo.com.mx\/index.php?rest_route=%2Fwp%2Fv2%2Ftags&post=68101"}],"curies":[{"name":"wp","href":"https:\/\/api.w.org\/{rel}","templated":true}]}}