{"id":6811,"date":"2020-10-12T13:30:51","date_gmt":"2020-10-12T18:30:51","guid":{"rendered":"https:\/\/encuentroinformativo.com.mx\/?p=6811"},"modified":"2020-10-12T13:30:54","modified_gmt":"2020-10-12T18:30:54","slug":"demandan-organizaciones-politicas-publicas-para-el-campo","status":"publish","type":"post","link":"https:\/\/encuentroinformativo.com.mx\/?p=6811","title":{"rendered":"Demandan organizaciones pol\u00edticas p\u00fablicas para el campo"},"content":{"rendered":"\n<p><strong>Dar\u00edo Pale <\/strong><\/p>\n\n\n\n<p>Xalapa, Ver.- Dirigentes de diferentes organizaciones campesinas integrantes de El Campo es de Todos, dieron a conocer que del 10 al 15 de noviembre realizar\u00e1n una asamblea estatal campesina donde van a liberar la problem\u00e1tica que hay en Veracruz, debido a los o\u00eddos sordos del gobierno del estado a los apoyos del campo.<\/p>\n\n\n\n<p>En conferencia de prensa realizada en conocido caf\u00e9 del centro de Xalapa, Luis G\u00f3mez Garay presidente de la UGOCP y Moises Reyes Fausto de la Central Campesina Cardenista (CCC), se\u00f1alaron que,\u00a0hoy en el estado de Veracruz no se genera pol\u00edtica p\u00fablica para el campo argumentando la falta de recurso pese a que el congreso local les autoriz\u00f3 270 millones de pesos adem\u00e1s de que no existen programas de desarrollo sectorial.<\/p>\n\n\n\n<p>\u201cGente identificada a trav\u00e9s de los servidores de la naci\u00f3n que est\u00e1n identificados con Morena en muchas regiones. Est\u00e1n atendiendo y dando privilegios a la militancia de su partido porque la demanda que se ha presentado en diferentes municipios y regiones de las organizaciones de productores se ha dejado fuera\u201d, se\u00f1alaron.<\/p>\n\n\n\n<p>Dijeron que existe un doble discurso del gobierno porque aseguran que sus demandas ya no ser\u00e1n atendidas a trav\u00e9s de intermediarios sino de manera directa con los beneficiarios lo que no se ha cumplido,\u00a0\u201clo cierto es que ni organizados ni de manera directa se est\u00e1 atendiendo la demanda de los productores veracruzanos argumentando falta de recursos, que la pandemia se llev\u00f3 muchos recursos en los \u00faltimos meses y los recursos del campo fueron utilizados para resolver los temas de la pandemia y por eso se est\u00e1n teniendo dificultades para atender la demanda de los productores rurales veracruzanos\u201d.<\/p>\n\n\n\n<p>Se\u00f1alo que este es un tema con el gobierno y no con alg\u00fan funcionario en especia pues es la administraci\u00f3n federal que debe resolver la forma en la que atiende a los productores veracruzanos y c\u00f3mo administra su presupuesto,\u00a0\u201cnosotros lo que tenemos que hacer en insistir, ser tercos en que la demanda de los productores tiene que ser atendidas a trav\u00e9s de sus organizaciones o de manera directa, pero tiene que ser atendida\u201d.<\/p>\n\n\n\n<p>Finalmente advirtieron que convocar\u00e1n a una asamblea del 10 al 15 de noviembre donde establecer\u00edan una fecha para que productores de distintas partes del estado se trasladen a Xalapa para exigir el cumplimiento a sus demandas.<\/p>\n","protected":false},"excerpt":{"rendered":"<p>Dar\u00edo Pale Xalapa, Ver.- Dirigentes de diferentes organizaciones campesinas integrantes de El Campo es de Todos, dieron a conocer que del 10 al 15 de noviembre realizar\u00e1n una asamblea estatal campesina donde van a liberar la problem\u00e1tica que hay en Veracruz, debido a los o\u00eddos sordos del gobierno del estado a los apoyos del campo. [&hellip;]<\/p>\n","protected":false},"author":1,"featured_media":6812,"comment_status":"open","ping_status":"open","sticky":false,"template":"","format":"standard","meta":{"_jetpack_memberships_contains_paid_content":false,"footnotes":""},"categories":[3],"tags":[],"class_list":["post-6811","post","type-post","status-publish","format-standard","has-post-thumbnail","hentry","category-xalapa"],"jetpack_featured_media_url":"https:\/\/encuentroinformativo.com.mx\/wp-content\/uploads\/2020\/10\/2ED6B71A-D1A3-4F40-B44A-B2988A2F6F3B.jpeg","jetpack_sharing_enabled":true,"jetpack_likes_enabled":true,"amp_enabled":true,"_links":{"self":[{"href":"https:\/\/encuentroinformativo.com.mx\/index.php?rest_route=\/wp\/v2\/posts\/6811","targetHints":{"allow":["GET"]}}],"collection":[{"href":"https:\/\/encuentroinformativo.com.mx\/index.php?rest_route=\/wp\/v2\/posts"}],"about":[{"href":"https:\/\/encuentroinformativo.com.mx\/index.php?rest_route=\/wp\/v2\/types\/post"}],"author":[{"embeddable":true,"href":"https:\/\/encuentroinformativo.com.mx\/index.php?rest_route=\/wp\/v2\/users\/1"}],"replies":[{"embeddable":true,"href":"https:\/\/encuentroinformativo.com.mx\/index.php?rest_route=%2Fwp%2Fv2%2Fcomments&post=6811"}],"version-history":[{"count":1,"href":"https:\/\/encuentroinformativo.com.mx\/index.php?rest_route=\/wp\/v2\/posts\/6811\/revisions"}],"predecessor-version":[{"id":6813,"href":"https:\/\/encuentroinformativo.com.mx\/index.php?rest_route=\/wp\/v2\/posts\/6811\/revisions\/6813"}],"wp:featuredmedia":[{"embeddable":true,"href":"https:\/\/encuentroinformativo.com.mx\/index.php?rest_route=\/wp\/v2\/media\/6812"}],"wp:attachment":[{"href":"https:\/\/encuentroinformativo.com.mx\/index.php?rest_route=%2Fwp%2Fv2%2Fmedia&parent=6811"}],"wp:term":[{"taxonomy":"category","embeddable":true,"href":"https:\/\/encuentroinformativo.com.mx\/index.php?rest_route=%2Fwp%2Fv2%2Fcategories&post=6811"},{"taxonomy":"post_tag","embeddable":true,"href":"https:\/\/encuentroinformativo.com.mx\/index.php?rest_route=%2Fwp%2Fv2%2Ftags&post=6811"}],"curies":[{"name":"wp","href":"https:\/\/api.w.org\/{rel}","templated":true}]}}