{"id":68112,"date":"2025-06-05T15:56:14","date_gmt":"2025-06-05T21:56:14","guid":{"rendered":"https:\/\/encuentroinformativo.com.mx\/?p=68112"},"modified":"2025-06-05T15:56:14","modified_gmt":"2025-06-05T21:56:14","slug":"celaya-se-mudara-a-veracruz-y-habra-liga-de-expansion-en-el-pirata-fuente","status":"publish","type":"post","link":"https:\/\/encuentroinformativo.com.mx\/?p=68112","title":{"rendered":"Celaya se mudar\u00e1 a Veracruz y habr\u00e1 Liga de Expansi\u00f3n en el &#8220;Pirata&#8221; Fuente"},"content":{"rendered":"<p><strong>Alejandro \u00c1vila<\/strong><\/p>\n<p>Veracruz, Ver.- El periodista deportivo, Miguel Rocha, public\u00f3 en su cuenta de X que el Club Celaya de la Liga de Expansi\u00f3n MX se mudar\u00e1 a Veracruz, por lo cual a partir del segundo torneo de este 2025 habr\u00e1 f\u00fatbol profesional en el estadio Luis &#8220;Pirata&#8221; Fuente.<\/p>\n<p>Varios medios de comunicaci\u00f3n de la ciudad cajetera en el Baj\u00edo mencionaron &#8220;off the record&#8221; que, les informaron a los jugadores que a partir del 10 de julio se tienen que presentar a la pretemporada en la ciudad de Veracruz, por lo cual se vislumbra un inminente cambio de sede del equipo Toros de Celaya.<\/p>\n<p>Se presume que la presentaci\u00f3n oficial del equipo Piratas de Veracruz de la Liga de Expansi\u00f3n MX y, que tendr\u00e1 como presidente al empresario, Carlos Vives en colaboraci\u00f3n con Bernardo Pasquel, sea entre el lunes 9 y mi\u00e9rcoles 11 de junio.<\/p>\n","protected":false},"excerpt":{"rendered":"<p>Alejandro \u00c1vila Veracruz, Ver.- El periodista deportivo, Miguel Rocha, public\u00f3 en su cuenta de X que el Club Celaya de la Liga de Expansi\u00f3n MX se mudar\u00e1 a Veracruz, por lo cual a partir del segundo torneo de este 2025 habr\u00e1 f\u00fatbol profesional en el estadio Luis &#8220;Pirata&#8221; Fuente. Varios medios de comunicaci\u00f3n de la [&hellip;]<\/p>\n","protected":false},"author":2476,"featured_media":68113,"comment_status":"open","ping_status":"open","sticky":false,"template":"","format":"standard","meta":{"_jetpack_memberships_contains_paid_content":false,"footnotes":""},"categories":[2],"tags":[],"class_list":["post-68112","post","type-post","status-publish","format-standard","has-post-thumbnail","hentry","category-estado"],"jetpack_featured_media_url":"https:\/\/encuentroinformativo.com.mx\/wp-content\/uploads\/2025\/06\/IMG-20250605-WA0347.jpg","jetpack_sharing_enabled":true,"jetpack_likes_enabled":true,"amp_enabled":true,"_links":{"self":[{"href":"https:\/\/encuentroinformativo.com.mx\/index.php?rest_route=\/wp\/v2\/posts\/68112","targetHints":{"allow":["GET"]}}],"collection":[{"href":"https:\/\/encuentroinformativo.com.mx\/index.php?rest_route=\/wp\/v2\/posts"}],"about":[{"href":"https:\/\/encuentroinformativo.com.mx\/index.php?rest_route=\/wp\/v2\/types\/post"}],"author":[{"embeddable":true,"href":"https:\/\/encuentroinformativo.com.mx\/index.php?rest_route=\/wp\/v2\/users\/2476"}],"replies":[{"embeddable":true,"href":"https:\/\/encuentroinformativo.com.mx\/index.php?rest_route=%2Fwp%2Fv2%2Fcomments&post=68112"}],"version-history":[{"count":1,"href":"https:\/\/encuentroinformativo.com.mx\/index.php?rest_route=\/wp\/v2\/posts\/68112\/revisions"}],"predecessor-version":[{"id":68114,"href":"https:\/\/encuentroinformativo.com.mx\/index.php?rest_route=\/wp\/v2\/posts\/68112\/revisions\/68114"}],"wp:featuredmedia":[{"embeddable":true,"href":"https:\/\/encuentroinformativo.com.mx\/index.php?rest_route=\/wp\/v2\/media\/68113"}],"wp:attachment":[{"href":"https:\/\/encuentroinformativo.com.mx\/index.php?rest_route=%2Fwp%2Fv2%2Fmedia&parent=68112"}],"wp:term":[{"taxonomy":"category","embeddable":true,"href":"https:\/\/encuentroinformativo.com.mx\/index.php?rest_route=%2Fwp%2Fv2%2Fcategories&post=68112"},{"taxonomy":"post_tag","embeddable":true,"href":"https:\/\/encuentroinformativo.com.mx\/index.php?rest_route=%2Fwp%2Fv2%2Ftags&post=68112"}],"curies":[{"name":"wp","href":"https:\/\/api.w.org\/{rel}","templated":true}]}}