{"id":68119,"date":"2025-06-05T17:11:19","date_gmt":"2025-06-05T23:11:19","guid":{"rendered":"https:\/\/encuentroinformativo.com.mx\/?p=68119"},"modified":"2025-06-05T17:11:19","modified_gmt":"2025-06-05T23:11:19","slug":"promueve-academica-campana-de-donativos-para-colectivo-solecito","status":"publish","type":"post","link":"https:\/\/encuentroinformativo.com.mx\/?p=68119","title":{"rendered":"Promueve acad\u00e9mica campa\u00f1a de donativos para Colectivo Solecito"},"content":{"rendered":"<p><strong>Dar\u00edo Pale<\/strong><\/p>\n<p>Xalapa, Ver.- Con la finalidad de apoyar al Colectivo Solecito en las labores de b\u00fasqueda de personas desaparecidas, la Facultad de Filosof\u00eda de la Universidad Veracruzana (UV) invit\u00f3 a la ciudadan\u00eda xalape\u00f1a a participar en la campa\u00f1a de donativos.<\/p>\n<p>En conferencia de prensa Remedios \u00c1lvarez Santos, acad\u00e9mica e investigadora de la Facultad, dio a conocer que estas mujeres desempe\u00f1an su labor en condiciones que muchas personas, acostumbradas a la comodidad de sus hogares, no podr\u00edan soportar.<\/p>\n<p>Coment\u00f3 que apoyar a los colectivos de b\u00fasqueda es una deuda social, por lo que la direcci\u00f3n de la Facultad de Filosof\u00eda, ubicada en el edificio B de la Unidad de Humanidades, ser\u00e1 el centro de acopio de los donativos, en un horario de 9:00 a 18:00 horas.<\/p>\n<p>\u201cSe puede donar ropa porque ellas hacen bazares para ayudar a la b\u00fasqueda; bloqueadores, sombreros, gorras, agua, electrolitos. Tambi\u00e9n solicitan semillas como almendras y nueces, porque todo esto les ayuda en las b\u00fasquedas que sabemos que realizan bajo condiciones clim\u00e1ticas terribles\u201d, coment\u00f3.<\/p>\n<p>La recolecci\u00f3n estar\u00e1 abierta hasta el 15 de junio; sin embargo, aclar\u00f3 que esto depender\u00e1 de la respuesta y volumen de aportaciones recibidas.<\/p>\n<p>Finalmente coment\u00f3, \u201cesperamos que se sensibilicen y que ayuden a estas mujeres heroicas, desafortunadamente, hay mucha indolencia, organizo, por ejemplo, eventos relacionados con estas tem\u00e1ticas y es muy poca la afluencia\u201d.<\/p>\n","protected":false},"excerpt":{"rendered":"<p>Dar\u00edo Pale Xalapa, Ver.- Con la finalidad de apoyar al Colectivo Solecito en las labores de b\u00fasqueda de personas desaparecidas, la Facultad de Filosof\u00eda de la Universidad Veracruzana (UV) invit\u00f3 a la ciudadan\u00eda xalape\u00f1a a participar en la campa\u00f1a de donativos. En conferencia de prensa Remedios \u00c1lvarez Santos, acad\u00e9mica e investigadora de la Facultad, dio [&hellip;]<\/p>\n","protected":false},"author":2476,"featured_media":68111,"comment_status":"open","ping_status":"open","sticky":false,"template":"","format":"standard","meta":{"_jetpack_memberships_contains_paid_content":false,"footnotes":""},"categories":[3],"tags":[],"class_list":["post-68119","post","type-post","status-publish","format-standard","has-post-thumbnail","hentry","category-xalapa"],"jetpack_featured_media_url":"https:\/\/encuentroinformativo.com.mx\/wp-content\/uploads\/2025\/06\/IMG-20250605-WA0386.jpg","jetpack_sharing_enabled":true,"jetpack_likes_enabled":true,"amp_enabled":true,"_links":{"self":[{"href":"https:\/\/encuentroinformativo.com.mx\/index.php?rest_route=\/wp\/v2\/posts\/68119","targetHints":{"allow":["GET"]}}],"collection":[{"href":"https:\/\/encuentroinformativo.com.mx\/index.php?rest_route=\/wp\/v2\/posts"}],"about":[{"href":"https:\/\/encuentroinformativo.com.mx\/index.php?rest_route=\/wp\/v2\/types\/post"}],"author":[{"embeddable":true,"href":"https:\/\/encuentroinformativo.com.mx\/index.php?rest_route=\/wp\/v2\/users\/2476"}],"replies":[{"embeddable":true,"href":"https:\/\/encuentroinformativo.com.mx\/index.php?rest_route=%2Fwp%2Fv2%2Fcomments&post=68119"}],"version-history":[{"count":1,"href":"https:\/\/encuentroinformativo.com.mx\/index.php?rest_route=\/wp\/v2\/posts\/68119\/revisions"}],"predecessor-version":[{"id":68120,"href":"https:\/\/encuentroinformativo.com.mx\/index.php?rest_route=\/wp\/v2\/posts\/68119\/revisions\/68120"}],"wp:featuredmedia":[{"embeddable":true,"href":"https:\/\/encuentroinformativo.com.mx\/index.php?rest_route=\/wp\/v2\/media\/68111"}],"wp:attachment":[{"href":"https:\/\/encuentroinformativo.com.mx\/index.php?rest_route=%2Fwp%2Fv2%2Fmedia&parent=68119"}],"wp:term":[{"taxonomy":"category","embeddable":true,"href":"https:\/\/encuentroinformativo.com.mx\/index.php?rest_route=%2Fwp%2Fv2%2Fcategories&post=68119"},{"taxonomy":"post_tag","embeddable":true,"href":"https:\/\/encuentroinformativo.com.mx\/index.php?rest_route=%2Fwp%2Fv2%2Ftags&post=68119"}],"curies":[{"name":"wp","href":"https:\/\/api.w.org\/{rel}","templated":true}]}}