{"id":68136,"date":"2025-06-06T11:16:08","date_gmt":"2025-06-06T17:16:08","guid":{"rendered":"https:\/\/encuentroinformativo.com.mx\/?p=68136"},"modified":"2025-06-06T11:16:08","modified_gmt":"2025-06-06T17:16:08","slug":"academicos-de-la-facultad-de-historia-de-la-uv-exigen-proceso-transparente-en-eleccion-de-rectoria","status":"publish","type":"post","link":"https:\/\/encuentroinformativo.com.mx\/?p=68136","title":{"rendered":"Acad\u00e9micos de la Facultad de Historia de la UV exigen proceso transparente en elecci\u00f3n de rector\u00eda"},"content":{"rendered":"<p>Xalapa, Ver.- Acad\u00e9micos de la Facultad de Historia de la Universidad Veracruzana (UV) hicieron p\u00fablico un pronunciamiento en el que exigen que el proceso para elegir a la pr\u00f3xima persona titular de la Rector\u00eda, para el periodo 2025-2029, se realice con estricto apego a la normatividad universitaria y con plena transparencia.<\/p>\n<p>En el documento, dirigido a la Junta de Gobierno, a las autoridades universitarias y a la comunidad acad\u00e9mica y estudiantil, los firmantes subrayan que la convocatoria para la elecci\u00f3n debe emitirse conforme a lo estipulado en la Legislaci\u00f3n universitaria, sin excepciones ni interferencias de ning\u00fan tipo.<\/p>\n<p>\u201cConsideramos como primer requisito que se emita la convocatoria [\u2026] y que \u00e9sta se aplique sin excepciones, interferencias de ninguna especie y se mantenga el esp\u00edritu de legalidad que, hasta ahora, ha prevalecido en la elecci\u00f3n de nuestras autoridades\u201d, se lee en el comunicado.<\/p>\n<p>El pronunciamiento est\u00e1 firmado por quince docentes e investigadores, entre ellos la Dra. Carmen Bl\u00e1zquez Dom\u00ednguez, el Dr. Ricardo Corzo Ram\u00edrez, el Dr. Claudio Ismael Hern\u00e1ndez Palacios y la Dra. Yovana Celaya N\u00e1ndez, todos con trayectoria en la docencia e investigaci\u00f3n en el Instituto de Investigaciones Hist\u00f3rico-Sociales (IIH-S) y el Instituto de Antropolog\u00eda, as\u00ed como profesores de tiempo completo y de asignatura de la propia Facultad de Historia.<\/p>\n<p>La comunidad acad\u00e9mica reiter\u00f3 su compromiso con los principios de legalidad, objetividad y apertura, e hizo un llamado a que se escuchen las voces de las y los universitarios en un proceso que consideran vital para el futuro de la instituci\u00f3n.<\/p>\n<p><img loading=\"lazy\" decoding=\"async\" class=\"aligncenter size-medium wp-image-68137\" src=\"https:\/\/encuentroinformativo.com.mx\/wp-content\/uploads\/2025\/06\/Screenshot_20250606-1111442-224x300.png\" alt=\"\" width=\"224\" height=\"300\" srcset=\"https:\/\/encuentroinformativo.com.mx\/wp-content\/uploads\/2025\/06\/Screenshot_20250606-1111442-224x300.png 224w, https:\/\/encuentroinformativo.com.mx\/wp-content\/uploads\/2025\/06\/Screenshot_20250606-1111442-765x1024.png 765w, https:\/\/encuentroinformativo.com.mx\/wp-content\/uploads\/2025\/06\/Screenshot_20250606-1111442-768x1028.png 768w, https:\/\/encuentroinformativo.com.mx\/wp-content\/uploads\/2025\/06\/Screenshot_20250606-1111442.png 852w\" sizes=\"auto, (max-width: 224px) 100vw, 224px\" \/><\/p>\n","protected":false},"excerpt":{"rendered":"<p>Xalapa, Ver.- Acad\u00e9micos de la Facultad de Historia de la Universidad Veracruzana (UV) hicieron p\u00fablico un pronunciamiento en el que exigen que el proceso para elegir a la pr\u00f3xima persona titular de la Rector\u00eda, para el periodo 2025-2029, se realice con estricto apego a la normatividad universitaria y con plena transparencia. En el documento, dirigido [&hellip;]<\/p>\n","protected":false},"author":2476,"featured_media":68137,"comment_status":"open","ping_status":"open","sticky":false,"template":"","format":"standard","meta":{"_jetpack_memberships_contains_paid_content":false,"footnotes":""},"categories":[2],"tags":[],"class_list":["post-68136","post","type-post","status-publish","format-standard","has-post-thumbnail","hentry","category-estado"],"jetpack_featured_media_url":"https:\/\/encuentroinformativo.com.mx\/wp-content\/uploads\/2025\/06\/Screenshot_20250606-1111442.png","jetpack_sharing_enabled":true,"jetpack_likes_enabled":true,"amp_enabled":true,"_links":{"self":[{"href":"https:\/\/encuentroinformativo.com.mx\/index.php?rest_route=\/wp\/v2\/posts\/68136","targetHints":{"allow":["GET"]}}],"collection":[{"href":"https:\/\/encuentroinformativo.com.mx\/index.php?rest_route=\/wp\/v2\/posts"}],"about":[{"href":"https:\/\/encuentroinformativo.com.mx\/index.php?rest_route=\/wp\/v2\/types\/post"}],"author":[{"embeddable":true,"href":"https:\/\/encuentroinformativo.com.mx\/index.php?rest_route=\/wp\/v2\/users\/2476"}],"replies":[{"embeddable":true,"href":"https:\/\/encuentroinformativo.com.mx\/index.php?rest_route=%2Fwp%2Fv2%2Fcomments&post=68136"}],"version-history":[{"count":1,"href":"https:\/\/encuentroinformativo.com.mx\/index.php?rest_route=\/wp\/v2\/posts\/68136\/revisions"}],"predecessor-version":[{"id":68138,"href":"https:\/\/encuentroinformativo.com.mx\/index.php?rest_route=\/wp\/v2\/posts\/68136\/revisions\/68138"}],"wp:featuredmedia":[{"embeddable":true,"href":"https:\/\/encuentroinformativo.com.mx\/index.php?rest_route=\/wp\/v2\/media\/68137"}],"wp:attachment":[{"href":"https:\/\/encuentroinformativo.com.mx\/index.php?rest_route=%2Fwp%2Fv2%2Fmedia&parent=68136"}],"wp:term":[{"taxonomy":"category","embeddable":true,"href":"https:\/\/encuentroinformativo.com.mx\/index.php?rest_route=%2Fwp%2Fv2%2Fcategories&post=68136"},{"taxonomy":"post_tag","embeddable":true,"href":"https:\/\/encuentroinformativo.com.mx\/index.php?rest_route=%2Fwp%2Fv2%2Ftags&post=68136"}],"curies":[{"name":"wp","href":"https:\/\/api.w.org\/{rel}","templated":true}]}}