{"id":68139,"date":"2025-06-06T11:31:36","date_gmt":"2025-06-06T17:31:36","guid":{"rendered":"https:\/\/encuentroinformativo.com.mx\/?p=68139"},"modified":"2025-06-06T11:31:36","modified_gmt":"2025-06-06T17:31:36","slug":"obed-mendez-fernandez-recibio-constancia-de-mayoria-en-castillo-de-teayo","status":"publish","type":"post","link":"https:\/\/encuentroinformativo.com.mx\/?p=68139","title":{"rendered":"Obed M\u00e9ndez Fern\u00e1ndez recibi\u00f3 constancia de mayor\u00eda en Castillo de Teayo"},"content":{"rendered":"<p><strong>* Es alcalde electo para el periodo del 01 de enero del 2026 al 31 de diciembre de 2029.<\/strong><\/p>\n<p>Castillo de Teayo, Ver.- \u201cEste es el resultado del trabajo de los ciudadanos de Castillo de Teayo\u201d, expres\u00f3 Obed M\u00e9ndez, en un mensaje a los ciudadanos, tras recibir la constancia que le entreg\u00f3 el Consejo Municipal del Organismo P\u00fablico Local Electoral (OPLE).<\/p>\n<p>De acuerdo con el Programa de Resultados electorales Preliminares 2025, Obed M\u00e9ndez Fern\u00e1ndez, candidato del Partido Acci\u00f3n Nacional (PAN), gan\u00f3 con 3 mil 810 votos, frente a Nazario Gallardo Casados, del PRI, que se qued\u00f3 en 2 mil 690 votos.<\/p>\n<p>Obed M\u00e9ndez venci\u00f3 en la jornada electoral con el voto castillense que rechaz\u00f3 la violencia e intimidaci\u00f3n que ejerci\u00f3 el candidato de MC, Manuel Tellez, quien unos d\u00edas antes de la jornada electoral agredi\u00f3 a la militancia y al candidato del blanquiazul.<\/p>\n<p><img loading=\"lazy\" decoding=\"async\" class=\"aligncenter size-medium wp-image-68141\" src=\"https:\/\/encuentroinformativo.com.mx\/wp-content\/uploads\/2025\/06\/IMG-20250606-WA01282-300x149.jpg\" alt=\"\" width=\"300\" height=\"149\" srcset=\"https:\/\/encuentroinformativo.com.mx\/wp-content\/uploads\/2025\/06\/IMG-20250606-WA01282-300x149.jpg 300w, https:\/\/encuentroinformativo.com.mx\/wp-content\/uploads\/2025\/06\/IMG-20250606-WA01282-1024x507.jpg 1024w, https:\/\/encuentroinformativo.com.mx\/wp-content\/uploads\/2025\/06\/IMG-20250606-WA01282-768x380.jpg 768w, https:\/\/encuentroinformativo.com.mx\/wp-content\/uploads\/2025\/06\/IMG-20250606-WA01282.jpg 1440w\" sizes=\"auto, (max-width: 300px) 100vw, 300px\" \/><\/p>\n","protected":false},"excerpt":{"rendered":"<p>* Es alcalde electo para el periodo del 01 de enero del 2026 al 31 de diciembre de 2029. Castillo de Teayo, Ver.- \u201cEste es el resultado del trabajo de los ciudadanos de Castillo de Teayo\u201d, expres\u00f3 Obed M\u00e9ndez, en un mensaje a los ciudadanos, tras recibir la constancia que le entreg\u00f3 el Consejo Municipal [&hellip;]<\/p>\n","protected":false},"author":2476,"featured_media":68140,"comment_status":"open","ping_status":"open","sticky":false,"template":"","format":"standard","meta":{"_jetpack_memberships_contains_paid_content":false,"footnotes":""},"categories":[2],"tags":[],"class_list":["post-68139","post","type-post","status-publish","format-standard","has-post-thumbnail","hentry","category-estado"],"jetpack_featured_media_url":"https:\/\/encuentroinformativo.com.mx\/wp-content\/uploads\/2025\/06\/IMG-20250606-WA01272.jpg","jetpack_sharing_enabled":true,"jetpack_likes_enabled":true,"amp_enabled":true,"_links":{"self":[{"href":"https:\/\/encuentroinformativo.com.mx\/index.php?rest_route=\/wp\/v2\/posts\/68139","targetHints":{"allow":["GET"]}}],"collection":[{"href":"https:\/\/encuentroinformativo.com.mx\/index.php?rest_route=\/wp\/v2\/posts"}],"about":[{"href":"https:\/\/encuentroinformativo.com.mx\/index.php?rest_route=\/wp\/v2\/types\/post"}],"author":[{"embeddable":true,"href":"https:\/\/encuentroinformativo.com.mx\/index.php?rest_route=\/wp\/v2\/users\/2476"}],"replies":[{"embeddable":true,"href":"https:\/\/encuentroinformativo.com.mx\/index.php?rest_route=%2Fwp%2Fv2%2Fcomments&post=68139"}],"version-history":[{"count":1,"href":"https:\/\/encuentroinformativo.com.mx\/index.php?rest_route=\/wp\/v2\/posts\/68139\/revisions"}],"predecessor-version":[{"id":68142,"href":"https:\/\/encuentroinformativo.com.mx\/index.php?rest_route=\/wp\/v2\/posts\/68139\/revisions\/68142"}],"wp:featuredmedia":[{"embeddable":true,"href":"https:\/\/encuentroinformativo.com.mx\/index.php?rest_route=\/wp\/v2\/media\/68140"}],"wp:attachment":[{"href":"https:\/\/encuentroinformativo.com.mx\/index.php?rest_route=%2Fwp%2Fv2%2Fmedia&parent=68139"}],"wp:term":[{"taxonomy":"category","embeddable":true,"href":"https:\/\/encuentroinformativo.com.mx\/index.php?rest_route=%2Fwp%2Fv2%2Fcategories&post=68139"},{"taxonomy":"post_tag","embeddable":true,"href":"https:\/\/encuentroinformativo.com.mx\/index.php?rest_route=%2Fwp%2Fv2%2Ftags&post=68139"}],"curies":[{"name":"wp","href":"https:\/\/api.w.org\/{rel}","templated":true}]}}