{"id":68143,"date":"2025-06-06T11:50:44","date_gmt":"2025-06-06T17:50:44","guid":{"rendered":"https:\/\/encuentroinformativo.com.mx\/?p=68143"},"modified":"2025-06-06T11:50:44","modified_gmt":"2025-06-06T17:50:44","slug":"jilotepec-maduro-por-fin-paso-de-verde-a-naranja","status":"publish","type":"post","link":"https:\/\/encuentroinformativo.com.mx\/?p=68143","title":{"rendered":"Jilotepec madur\u00f3, por fin pas\u00f3 de Verde a Naranja"},"content":{"rendered":"<p>* Verg\u00fcenza nacional; A\u00e1ron Enr\u00edquez, titular de la secretar\u00eda nacional de j\u00f3venes de Morena, junto a Eleazar Guerrero e hijo, \u201cpelaron\u201d en el vecino municipio.<\/p>\n<p><strong>Burladero<\/strong><\/p>\n<p><strong>Arturo Reyes Gonz\u00e1lez<\/strong><\/p>\n<p>Pues eh ah\u00ed los resultados del proceso electoral local. \u00bfQui\u00e9n gan\u00f3? Movimiento Ciudadano logr\u00f3 crecer; Acci\u00f3n Nacional (el PAN) se mantuvo cuando muchos pens\u00e1bamos que le iba a ir mucho peor y lo ve\u00edamos en la cola; que bueno, hasta el PT lo rebas\u00f3 en productividad, y eso ya es para dar pena ajena.<\/p>\n<p>El PRI, pues es el PRI. Sobreviviendo a pesar de todo. Del Verde o PVEM otros m\u00e1s pens\u00e1bamos que les iba a ir mucho mejor de lo que lograron. Tambi\u00e9n de pena ajena; vaya, hasta el \u201cCisne\u201d Silva perdi\u00f3 en el municipio de Tuxpan.<\/p>\n<p>Oigan, como que eso de seguir \u201cremoreando\u201d \u00a1ya choles! \u00bfEn alg\u00fan momento los veremos caminar solos?<\/p>\n<p>Mire, insisto, hasta el PT logr\u00f3 crecer y bien, cuando que su \u201cl\u00edder\u201d se lamentaba y casi lloraba cuando lo dejaron fuera de la \u201csuper alianza\u201d con Morena y el PVEM, conformada antes de la elecci\u00f3n.<\/p>\n<p>Pero bueno, como eso ya fue, pasemos a otros aspectos de la hist\u00f3rica contienda.<br \/>\nPosibles culpables<\/p>\n<p>Ya se ha hablado (escrito) de a qui\u00e9n se debe se\u00f1alar y culpar, tanto en lo que respecta a la elecci\u00f3n local, donde Morena no logr\u00f3 sus ambiciosos objetivos como en la elecci\u00f3n federal.<\/p>\n<p><strong>\u00a1Nombres, nombres! <\/strong><br \/>\nAlgunos refieren a Eric Cisneros, otros a Eleazar Guerrero y Eleazar hijo, algunos al propio Zepeta que obvio lleva la responsabilidad formal, \u00bfNo? \u00bfAlguien duda de que se le pueda salvar y no culpar?<br \/>\n\u00bfAh, s\u00ed? \u00bfc\u00f3mo? Pues s\u00ed resulta que es el \u201cl\u00edder\u201d de Morena en la entidad y le toca s\u00ed o s\u00ed.<\/p>\n<p>Imag\u00ednate estimado lector: No, es que \u00e9l pr\u00e1cticamente no hizo nada m\u00e1s que acatar; \u00bfAh, entonces es un in\u00fatil t\u00edtere, un florero, puso la cara y \u201cdignamente\u201d se prest\u00f3 a ser pararrayos para ser culpado? Ni hablar.<\/p>\n<p>El triste caso de Morena en el municipio de Jilotepec<br \/>\nVaya situaci\u00f3n que se present\u00f3 en el municipio de Jilotepec, aleda\u00f1o a la capital Xalapa, donde a una familia emanada del Partido Verde los aguantaron poco m\u00e1s de \u00a1una d\u00e9cada!, pero por fin el pueblo opt\u00f3 por la alternancia y les dio gracias a los integrantes de la familia del hoy mun\u00edcipe Balbino Castillo Murrieta, quienes sumaron tres periodos seguidos y\u2026 \u00bfY? pues nada\u2026 el municipio se encontraba en un letargo que casi lo lleva a su fin.<br \/>\n\u00bfDe veras una d\u00e9cada y nada? se preguntar\u00e1 usted. La respuesta es totalmente seria: Nada. Bueno, seguramente bolsillos y cuentas abultadas, de algunos de ellos, pero el pueblo, ya sabe usted, el pueblo sabio, ese mismo, se cans\u00f3 de la modorra que durante m\u00e1s de una d\u00e9cada vivi\u00f3 y decidi\u00f3 cambiar.<\/p>\n<p>As\u00ed, las familias optaron en esta ocasi\u00f3n por el equipo y el candidato de Movimiento Ciudadano, Jos\u00e9 Roberto Marcelo Cort\u00e9s, quien se reforz\u00f3 con pol\u00edticos de avanzado nivel, como es el caso de Jos\u00e9 Antonio Olivares, quien inteligente, vio el panorama pol\u00edtico que se avezaba, reflexion\u00f3 y decidi\u00f3 sumar su capital al futuro.<\/p>\n<p>Algo que hay que destacar es que entre la ola \u201cantimorena\u201d que invadi\u00f3 a Veracruz y que se present\u00f3 el fin de semana, \u201cdestacados\u201d personajes de Jilotepec no se salvaron, y se los llev\u00f3 la\u2026 s\u00ed, le dije, la ola que tambi\u00e9n los revolc\u00f3.<\/p>\n<p><strong>\u00bfA qui\u00e9nes?<\/strong><br \/>\nAl (\u00bfTodav\u00eda?) mero mero de la regi\u00f3n, el primo c\u00f3modo del exgobernador Cuic, el triste, pero multimillonario y celebre Eleazar Guerrero P\u00e9rez y su v\u00e1stago Eleazar Guerrero Barrera, quienes pasar\u00e1n a la historia por su perversa y oportunista cercan\u00eda con el desastroso sexenio cuitlahuista.<br \/>\nPero junto a ellos, tambi\u00e9n viene empujando, sumando fuerte y muy cerca el ingeniero A\u00e1ron Enr\u00edquez Garc\u00eda.<\/p>\n<p>\u00bfQue qui\u00e9n es? \u00bfEs en serio?<br \/>\nPues nada m\u00e1s y nada menos que el titular de la secretar\u00eda de j\u00f3venes de Morena, s\u00ed, del CEN de Morena, no de la aldea, no, \u00a1del propio Comit\u00e9 Ejecutivo Nacional! (\u00a1Ahhh perrooo!).<br \/>\n\u00a1De veras!, no le miento\u2026 preg\u00fantele a\u2026 bueno\u2026 a\u2026 de veras, s\u00ed lo es.<br \/>\n\u00bfEs en serio que no lo conoc\u00eda ni ubicaba? Tan destacado papel que ha realizado, quiz\u00e1 no tuvo un buen esquema de comunicaci\u00f3n. Debe ser eso.<\/p>\n<p>Y \u00bfQue qu\u00e9 hace? Mmm\u2026 Pues dej\u00e9moslo en que es un muy muy destacado representante de los j\u00f3venes veracruzanos, si no no ocupar\u00eda una cartera pol\u00edtica de ese nivel.<\/p>\n<p>\u00a1En serio! No le miento\u2026<br \/>\n\u00bfAj\u00e1, y \u00e9l qu\u00e9? \u00bfQu\u00e9 tiene que ver en todo esto?<\/p>\n<p>Pues el gran A\u00e1ron, no, no var\u00f3n, dije A\u00e1ron (el del gran Var\u00f3n es otro) respaldado en su car\u00e1cter de l\u00edder, camin\u00f3 a lo largo y ancho del vecino municipio de Jilotepec para empujar con \u201ctodo\u201d el triunfo del hoy excandidato Francisco Mariano Clemente, quien fue el valiente prospecto de Morena y pues ya conocemos el resultado.<\/p>\n<p>\u00bfSab\u00eda usted, como dato cultural, que incluso gente de los \u201cverdes\u201d se acerc\u00f3 a Clemente para sumarle y sobrevivir del lado de los guindas?<br \/>\n\u00a1Pero tampoco les alcanz\u00f3! \u00bfEl resultado? Gan\u00f3 Roberto Marcelo Cortes, del partido Movimiento Ciudadano (MC), quien cont\u00f3 con la ayuda de solidos aliados.<\/p>\n<p>Pobre Francisco Mariano, ni la quemada de su camioneta en d\u00edas pasados\u2026 pero qui\u00e9n le manda a hacerle caso a A\u00e1ron y su grupo ilusi\u00f3n ( o sea sus compinches) de quienes por haber sido \u201cdedosignados\u201d, no designados, no, dedosignados por el cacique de su zona ya cre\u00edan que las pod\u00edan todas y que ser\u00edan los nuevos due\u00f1os de la zona.<\/p>\n<p>\u00a1No! \u00a1Si no es competencia por la planilla del Tec! Y pues mire, grandes vuelos ayer, verg\u00fcenza nacional hoy.<br \/>\nYa para la otra ser\u00e1. Gracias por participar.<\/p>\n","protected":false},"excerpt":{"rendered":"<p>* Verg\u00fcenza nacional; A\u00e1ron Enr\u00edquez, titular de la secretar\u00eda nacional de j\u00f3venes de Morena, junto a Eleazar Guerrero e hijo, \u201cpelaron\u201d en el vecino municipio. Burladero Arturo Reyes Gonz\u00e1lez Pues eh ah\u00ed los resultados del proceso electoral local. \u00bfQui\u00e9n gan\u00f3? Movimiento Ciudadano logr\u00f3 crecer; Acci\u00f3n Nacional (el PAN) se mantuvo cuando muchos pens\u00e1bamos que le [&hellip;]<\/p>\n","protected":false},"author":2476,"featured_media":387,"comment_status":"open","ping_status":"open","sticky":false,"template":"","format":"standard","meta":{"_jetpack_memberships_contains_paid_content":false,"footnotes":""},"categories":[11],"tags":[],"class_list":["post-68143","post","type-post","status-publish","format-standard","has-post-thumbnail","hentry","category-opinion"],"jetpack_featured_media_url":"https:\/\/encuentroinformativo.com.mx\/wp-content\/uploads\/2020\/03\/7CF8A22B-2764-47BE-8F7F-38FE9E5D6A2F.jpeg","jetpack_sharing_enabled":true,"jetpack_likes_enabled":true,"amp_enabled":true,"_links":{"self":[{"href":"https:\/\/encuentroinformativo.com.mx\/index.php?rest_route=\/wp\/v2\/posts\/68143","targetHints":{"allow":["GET"]}}],"collection":[{"href":"https:\/\/encuentroinformativo.com.mx\/index.php?rest_route=\/wp\/v2\/posts"}],"about":[{"href":"https:\/\/encuentroinformativo.com.mx\/index.php?rest_route=\/wp\/v2\/types\/post"}],"author":[{"embeddable":true,"href":"https:\/\/encuentroinformativo.com.mx\/index.php?rest_route=\/wp\/v2\/users\/2476"}],"replies":[{"embeddable":true,"href":"https:\/\/encuentroinformativo.com.mx\/index.php?rest_route=%2Fwp%2Fv2%2Fcomments&post=68143"}],"version-history":[{"count":1,"href":"https:\/\/encuentroinformativo.com.mx\/index.php?rest_route=\/wp\/v2\/posts\/68143\/revisions"}],"predecessor-version":[{"id":68144,"href":"https:\/\/encuentroinformativo.com.mx\/index.php?rest_route=\/wp\/v2\/posts\/68143\/revisions\/68144"}],"wp:featuredmedia":[{"embeddable":true,"href":"https:\/\/encuentroinformativo.com.mx\/index.php?rest_route=\/wp\/v2\/media\/387"}],"wp:attachment":[{"href":"https:\/\/encuentroinformativo.com.mx\/index.php?rest_route=%2Fwp%2Fv2%2Fmedia&parent=68143"}],"wp:term":[{"taxonomy":"category","embeddable":true,"href":"https:\/\/encuentroinformativo.com.mx\/index.php?rest_route=%2Fwp%2Fv2%2Fcategories&post=68143"},{"taxonomy":"post_tag","embeddable":true,"href":"https:\/\/encuentroinformativo.com.mx\/index.php?rest_route=%2Fwp%2Fv2%2Ftags&post=68143"}],"curies":[{"name":"wp","href":"https:\/\/api.w.org\/{rel}","templated":true}]}}