{"id":68145,"date":"2025-06-06T12:00:27","date_gmt":"2025-06-06T18:00:27","guid":{"rendered":"https:\/\/encuentroinformativo.com.mx\/?p=68145"},"modified":"2025-06-06T12:00:27","modified_gmt":"2025-06-06T18:00:27","slug":"buscan-voluntarios-en-defensoria-de-derechos-humanos","status":"publish","type":"post","link":"https:\/\/encuentroinformativo.com.mx\/?p=68145","title":{"rendered":"Buscan voluntarios en defensor\u00eda de Derechos Humanos"},"content":{"rendered":"<p><strong>Dar\u00edo Pale<\/strong><\/p>\n<p>Xalapa, Ver.- Linda Mujica y Mois\u00e9s Maldonado presidente de Somos Loud dieron a conocer que, ya van a empezar a operar en Veracruz formalmente por lo que est\u00e1n buscando voluntarios en el campo de acci\u00f3n que es la defensor\u00eda de los derechos humanos.<\/p>\n<p>En conferencia de prensa se\u00f1alaron que, est\u00e1n por iniciar a trabajar el cap\u00edtulo Veracruz de \u201cSomos Loud\u201d, el cual es un grupo de afinidad, un voluntariado, que trabaja en Estados Unidos, Argentina, Per\u00fa, y varios lugares de M\u00e9xico.<\/p>\n<p>\u201cSon m\u00e1s o menos 40 cap\u00edtulos y lo que hacemos es Defensor\u00eda de los Derechos Humanos, hacemos defensor\u00eda en este caso vamos a comenzar a operar en Veracruz formalmente y ahora s\u00ed ya buscando voluntariado\u201d, coment\u00f3.<\/p>\n<p>Dieron a conocer que su campo de acci\u00f3n es la defensor\u00eda de los derechos humanos, pero en particular la defensor\u00eda de las personas que pertenecen a la comunidad LGBTTTIQ, las personas que viven con VIH y otro tipo de enfermedades.<\/p>\n<p>Trabajamos con base en la organizaci\u00f3n comunitaria, la comunidad organizada es la herramienta vital para el cambio, por lo que el evento que van a presentar el 7 de junio en el Bar La Moderna a las 7 de la noche dentro del mes del orgullo.<\/p>\n<p>\u201cTenemos muchas opciones muy interesantes para el voluntariado, sabemos que en estos tiempos los j\u00f3venes est\u00e1n muy preocupados por c\u00f3mo pueden afectar de manera positiva al mundo\u201d, se\u00f1al\u00f3.<\/p>\n<p>Finalmente coment\u00f3 que, \u201cparecer\u00e1 que no hay camino para hacer pol\u00edtica fuera del camino partidista entendiendo la pol\u00edtica como la b\u00fasqueda del bien com\u00fan y nosotros queremos presentarles un camino interesante para que conozcan gente para que le den un sentido un poco m\u00e1s estructurado a su activismo y quienes ya lo tengan pues tambi\u00e9n lo acompa\u00f1en a trav\u00e9s de Somos Loud\u201d.<\/p>\n","protected":false},"excerpt":{"rendered":"<p>Dar\u00edo Pale Xalapa, Ver.- Linda Mujica y Mois\u00e9s Maldonado presidente de Somos Loud dieron a conocer que, ya van a empezar a operar en Veracruz formalmente por lo que est\u00e1n buscando voluntarios en el campo de acci\u00f3n que es la defensor\u00eda de los derechos humanos. En conferencia de prensa se\u00f1alaron que, est\u00e1n por iniciar a [&hellip;]<\/p>\n","protected":false},"author":2476,"featured_media":68146,"comment_status":"open","ping_status":"open","sticky":false,"template":"","format":"standard","meta":{"_jetpack_memberships_contains_paid_content":false,"footnotes":""},"categories":[3],"tags":[],"class_list":["post-68145","post","type-post","status-publish","format-standard","has-post-thumbnail","hentry","category-xalapa"],"jetpack_featured_media_url":"https:\/\/encuentroinformativo.com.mx\/wp-content\/uploads\/2025\/06\/IMG-20250606-WA0131.jpg","jetpack_sharing_enabled":true,"jetpack_likes_enabled":true,"amp_enabled":true,"_links":{"self":[{"href":"https:\/\/encuentroinformativo.com.mx\/index.php?rest_route=\/wp\/v2\/posts\/68145","targetHints":{"allow":["GET"]}}],"collection":[{"href":"https:\/\/encuentroinformativo.com.mx\/index.php?rest_route=\/wp\/v2\/posts"}],"about":[{"href":"https:\/\/encuentroinformativo.com.mx\/index.php?rest_route=\/wp\/v2\/types\/post"}],"author":[{"embeddable":true,"href":"https:\/\/encuentroinformativo.com.mx\/index.php?rest_route=\/wp\/v2\/users\/2476"}],"replies":[{"embeddable":true,"href":"https:\/\/encuentroinformativo.com.mx\/index.php?rest_route=%2Fwp%2Fv2%2Fcomments&post=68145"}],"version-history":[{"count":1,"href":"https:\/\/encuentroinformativo.com.mx\/index.php?rest_route=\/wp\/v2\/posts\/68145\/revisions"}],"predecessor-version":[{"id":68147,"href":"https:\/\/encuentroinformativo.com.mx\/index.php?rest_route=\/wp\/v2\/posts\/68145\/revisions\/68147"}],"wp:featuredmedia":[{"embeddable":true,"href":"https:\/\/encuentroinformativo.com.mx\/index.php?rest_route=\/wp\/v2\/media\/68146"}],"wp:attachment":[{"href":"https:\/\/encuentroinformativo.com.mx\/index.php?rest_route=%2Fwp%2Fv2%2Fmedia&parent=68145"}],"wp:term":[{"taxonomy":"category","embeddable":true,"href":"https:\/\/encuentroinformativo.com.mx\/index.php?rest_route=%2Fwp%2Fv2%2Fcategories&post=68145"},{"taxonomy":"post_tag","embeddable":true,"href":"https:\/\/encuentroinformativo.com.mx\/index.php?rest_route=%2Fwp%2Fv2%2Ftags&post=68145"}],"curies":[{"name":"wp","href":"https:\/\/api.w.org\/{rel}","templated":true}]}}